{"id":116,"date":"2012-08-30T23:16:05","date_gmt":"2012-08-30T23:16:05","guid":{"rendered":"https:\/\/leschouxlents.potager.org\/wordpress\/index.php\/2012\/08\/30\/feuille-de-chou-n2-4-octobre-2011\/"},"modified":"2012-08-30T23:16:05","modified_gmt":"2012-08-30T23:16:05","slug":"feuille-de-chou-n2-4-octobre-2011","status":"publish","type":"post","link":"https:\/\/leschouxlents.potager.org\/index.php\/2012\/08\/30\/feuille-de-chou-n2-4-octobre-2011\/","title":{"rendered":"Feuille de chou n\u00b02 &#8211; 4 octobre 2011"},"content":{"rendered":"<h2>Des nouvelles du potager<\/h2>\n<p><strong>Une nouvelle visite des lieux<\/strong><\/p>\n<p>Le temps passe !<br \/>\nNous avons organis\u00e9 une nouvelle visite du b\u00e2timent il y a d\u00e9j\u00e0 une quinzaine de jours, le vendredi  23 septembre.<\/p>\n<p>Elle a \u00e9t\u00e9 l&#8217;occasion pour quelques feuilles ou graines*, d\u00e9j\u00e0 bien engag\u00e9es dans le projet, de visiter les lieux, et ainsi, il semblerait, de conforter leur engagement !<br \/>\nElle nous a aussi permis de rencontrer de nouvelles t\u00eates&#8230; Comme la fois pr\u00e9c\u00e9dente, la visite s&#8217;est prolong\u00e9e par une &#8220;r\u00e9union d&#8217;accueil&#8221;, dans le jardin, r\u00e9union \u00e0 la suite de laquelle nous avons eu le plaisir d&#8217;accueillir en pl\u00e9ni\u00e8re la semaine derni\u00e8re de nouvelles graines : Bruno, Erwan, Camille, Yohann, Jos\u00e9phine, Jennifer, Damien, Maud, Benoit.<\/p>\n<p>Notre notaire \u00e9tait \u00e9galement pr\u00e9sent lors de cette visite, ce qui lui a permis de rencontrer le P\u00e8re Chatelier, repr\u00e9sentant des vendeurs, et de discuter avec lui de mani\u00e8re plus informelle de notre projet.<\/p>\n<p>Comme chaque fois, cette visite nous a \u00e9galement permis de renforcer nos liens avec le P\u00e8re Chatelier, et, nous l&#8217;esp\u00e9rons, de montrer par son interm\u00e9diaire aux vendeurs notre d\u00e9termination.<\/p>\n<h2>L&#8217;offre d&#8217;achat<\/h2>\n<p>Nous avons d\u00e9pos\u00e9 notre seconde offre d&#8217;achat en fin de semaine derni\u00e8re.<\/p>\n<p>Elle se d\u00e9composait en trois pages :<br \/>\n&#8211; l&#8217;offre \u00e0 proprement parler r\u00e9dig\u00e9e par notre notaire<br \/>\n&#8211; une pr\u00e9sentation synth\u00e9tique de notre projet<br \/>\n&#8211; des esquisses des am\u00e9nagements que nous pr\u00e9voyons afin de donner une id\u00e9e plus concr\u00e8te aux vendeurs sur les aspects &#8220;communautaires&#8221; de notre projet<\/p>\n<p>Les vendeurs se sont r\u00e9unis vendredi dernier pour \u00e9tudier les diff\u00e9rentes offres et en faire une pr\u00e9-s\u00e9lection avant de les transmettre \u00e0 leur notaire pour une \u00e9tude sur le fond.<br \/>\nIls n&#8217;ont finalement pas fait cette pr\u00e9-s\u00e9lection mais ont transmis toutes les offres \u00e0 leur notaire.<\/p>\n<h2>Les \u00e9ch\u00e9ances \u00e0 venir<\/h2>\n<p>En attendant la r\u00e9ponse des vendeurs, nous continuons \u00e0 travailler en particulier sur les aspects juridiques et financiers.<br \/>\nDe quoi sans doute alimenter bient\u00f4t de nouvelles &#8220;feuilles de chou&#8221;.<\/p>\n<h2>Notre site<\/h2>\n<p>Nous avons mis en place un site internet pour notre projet<br \/>\n http:\/\/leschouxlents.potager.org\/<br \/>\nFaute de temps, il manque encore un peu de contenu mais vous y trouverez d\u00e9j\u00e0 d&#8217;autres informations.<\/p>\n<p>En particulier, notre groupe est toujours ouvert \u00e0 de nouveaux membres. Vous trouverez sur cette page ou directement ici une petite annonce. Merci de la faire circuler autour de vous, dans vos r\u00e9seaux&#8230;.<\/p>\n<p>A bient\u00f4t   <\/p>\n<p>L&#8217;\u00e9quipe des Choux Lents<\/p>\n<p>* Pour rappel, la proc\u00e9dure d&#8217;int\u00e9gration d&#8217;un nouveau dans le groupe Choux Lents s&#8217;appelle Germination : on passe 2 s\u00e9ances en graine, puis 4 s\u00e9ances minimum en feuille avant de pouvoir devenir Choux.<\/p>\n","protected":false},"excerpt":{"rendered":"<p>Des nouvelles du potager Une nouvelle visite des lieux Le temps passe ! Nous avons organis\u00e9 une nouvelle visite du b\u00e2timent il y a d\u00e9j\u00e0 une quinzaine de jours, le vendredi 23 septembre. Elle a \u00e9t\u00e9 l&#8217;occasion pour quelques feuilles ou graines*, d\u00e9j\u00e0 bien engag\u00e9es dans le projet, de visiter les lieux, et ainsi, il &#8230; <a title=\"Feuille de chou n\u00b02 &#8211; 4 octobre 2011\" class=\"read-more\" href=\"https:\/\/leschouxlents.potager.org\/index.php\/2012\/08\/30\/feuille-de-chou-n2-4-octobre-2011\/\" aria-label=\"Read more about Feuille de chou n\u00b02 &#8211; 4 octobre 2011\">Read more<\/a><\/p>\n","protected":false},"author":1,"featured_media":0,"comment_status":"closed","ping_status":"open","sticky":false,"template":"","format":"standard","meta":{"footnotes":""},"categories":[10],"tags":[],"class_list":["post-116","post","type-post","status-publish","format-standard","hentry","category-feuilles-de-chou"],"_links":{"self":[{"href":"https:\/\/leschouxlents.potager.org\/index.php\/wp-json\/wp\/v2\/posts\/116","targetHints":{"allow":["GET"]}}],"collection":[{"href":"https:\/\/leschouxlents.potager.org\/index.php\/wp-json\/wp\/v2\/posts"}],"about":[{"href":"https:\/\/leschouxlents.potager.org\/index.php\/wp-json\/wp\/v2\/types\/post"}],"author":[{"embeddable":true,"href":"https:\/\/leschouxlents.potager.org\/index.php\/wp-json\/wp\/v2\/users\/1"}],"replies":[{"embeddable":true,"href":"https:\/\/leschouxlents.potager.org\/index.php\/wp-json\/wp\/v2\/comments?post=116"}],"version-history":[{"count":0,"href":"https:\/\/leschouxlents.potager.org\/index.php\/wp-json\/wp\/v2\/posts\/116\/revisions"}],"wp:attachment":[{"href":"https:\/\/leschouxlents.potager.org\/index.php\/wp-json\/wp\/v2\/media?parent=116"}],"wp:term":[{"taxonomy":"category","embeddable":true,"href":"https:\/\/leschouxlents.potager.org\/index.php\/wp-json\/wp\/v2\/categories?post=116"},{"taxonomy":"post_tag","embeddable":true,"href":"https:\/\/leschouxlents.potager.org\/index.php\/wp-json\/wp\/v2\/tags?post=116"}],"curies":[{"name":"wp","href":"https:\/\/api.w.org\/{rel}","templated":true}]}}