{"id":260,"date":"2016-03-25T22:30:13","date_gmt":"2016-03-25T22:30:13","guid":{"rendered":"https:\/\/leschouxlents.potager.org\/wordpress\/index.php\/2016\/03\/25\/prochain-chantier-participatif\/"},"modified":"2016-03-25T22:30:13","modified_gmt":"2016-03-25T22:30:13","slug":"prochain-chantier-participatif","status":"publish","type":"post","link":"https:\/\/leschouxlents.potager.org\/index.php\/2016\/03\/25\/prochain-chantier-participatif\/","title":{"rendered":"Prochain chantier participatif"},"content":{"rendered":"<p>Nous vous invitons \u00e0 notre prochain chantier participatif, sur la 2\u00e8me semaine des vacances de P\u00e2ques, du vendredi 15 au samedi 23 avril.<\/p>\n<p>Maintenant que l&#8217;appartement de Marie est (quasi-) fini (bient\u00f4t la cr\u00e9maill\u00e8re&#8230;), nous pr\u00e9voyons d&#8217;avancer sur les appartements de Delphine et Micha, avec, au programme  :<br \/>\n&#8211; Cloisonnements int\u00e9rieurs,<br \/>\n&#8211; Enduits terre<br \/>\n&#8211; peintures et carrelage<br \/>\n&#8211; pose de toilettes (\u00e0 lombrics !)<br \/>\n&#8211; pose d&#8217;escaliers<br \/>\n&#8211; \u00e9lectricit\u00e9 et peinture<br \/>\n&#8211; doublage thermique de parois ext\u00e9rieures,<br \/>\n&#8211; R\u00e9seaux d&#8217;eau et de ventilation,<br \/>\n&#8211; Montage d&#8217;un faux plafond accoustique, placage et enduits chaux<\/p>\n<p>Ces t\u00e2ches pr\u00e9visionnelles sont susceptibles d&#8217;\u00eatre modifi\u00e9es. Si vous \u00eates int\u00e9ress\u00e9.e.s sp\u00e9cifiquement par une t\u00e2che, n&#8217;h\u00e9sitez pas \u00e0 nous faire des demandes (et nous donner vos dispo), on s&#8217;organisera au mieux.<\/p>\n<p><strong>M\u00eame pour une apr\u00e8s-midi votre aide est la bienvenue !<\/strong><\/p>\n<p>Le matin, rendez-vous d\u00e8s 9h pour le caf\u00e9 et le brief du chantier du jour.<\/p>\n<p>N&#8217;h\u00e9sitez pas \u00e0 <a href=\" choux.lents@potager.org\">nous contacter <\/a> pour toute question.<\/p>\n<p>Comme d&#8217;habitude, 2 mots sur le chantier : bonne humeur, entraide, on apprend en faisant. Chacun.e est libre de faire des pauses.  Bien \u00e9videmment vos repas (bonnes bouffes bio \u00e0 tendances v\u00e9g\u00e9tariennes) et nuit\u00e9es vous sont chaleureusement offerts (dans la limite des places disponibles).<\/p>\n","protected":false},"excerpt":{"rendered":"<p>Nous vous invitons \u00e0 notre prochain chantier participatif, sur la 2\u00e8me semaine des vacances de P\u00e2ques, du vendredi 15 au samedi 23 avril. Maintenant que l&#8217;appartement de Marie est (quasi-) fini (bient\u00f4t la cr\u00e9maill\u00e8re&#8230;), nous pr\u00e9voyons d&#8217;avancer sur les appartements de Delphine et Micha, avec, au programme : &#8211; Cloisonnements int\u00e9rieurs, &#8211; Enduits terre &#8211; &#8230; <a title=\"Prochain chantier participatif\" class=\"read-more\" href=\"https:\/\/leschouxlents.potager.org\/index.php\/2016\/03\/25\/prochain-chantier-participatif\/\" aria-label=\"Read more about Prochain chantier participatif\">Read more<\/a><\/p>\n","protected":false},"author":1,"featured_media":0,"comment_status":"closed","ping_status":"open","sticky":false,"template":"","format":"standard","meta":{"footnotes":""},"categories":[11],"tags":[],"class_list":["post-260","post","type-post","status-publish","format-standard","hentry","category-les-chantiers"],"_links":{"self":[{"href":"https:\/\/leschouxlents.potager.org\/index.php\/wp-json\/wp\/v2\/posts\/260","targetHints":{"allow":["GET"]}}],"collection":[{"href":"https:\/\/leschouxlents.potager.org\/index.php\/wp-json\/wp\/v2\/posts"}],"about":[{"href":"https:\/\/leschouxlents.potager.org\/index.php\/wp-json\/wp\/v2\/types\/post"}],"author":[{"embeddable":true,"href":"https:\/\/leschouxlents.potager.org\/index.php\/wp-json\/wp\/v2\/users\/1"}],"replies":[{"embeddable":true,"href":"https:\/\/leschouxlents.potager.org\/index.php\/wp-json\/wp\/v2\/comments?post=260"}],"version-history":[{"count":0,"href":"https:\/\/leschouxlents.potager.org\/index.php\/wp-json\/wp\/v2\/posts\/260\/revisions"}],"wp:attachment":[{"href":"https:\/\/leschouxlents.potager.org\/index.php\/wp-json\/wp\/v2\/media?parent=260"}],"wp:term":[{"taxonomy":"category","embeddable":true,"href":"https:\/\/leschouxlents.potager.org\/index.php\/wp-json\/wp\/v2\/categories?post=260"},{"taxonomy":"post_tag","embeddable":true,"href":"https:\/\/leschouxlents.potager.org\/index.php\/wp-json\/wp\/v2\/tags?post=260"}],"curies":[{"name":"wp","href":"https:\/\/api.w.org\/{rel}","templated":true}]}}