{"id":262,"date":"2016-04-10T19:05:47","date_gmt":"2016-04-10T19:05:47","guid":{"rendered":"https:\/\/leschouxlents.potager.org\/wordpress\/index.php\/2016\/04\/10\/merci-patron\/"},"modified":"2016-04-10T19:05:47","modified_gmt":"2016-04-10T19:05:47","slug":"merci-patron","status":"publish","type":"post","link":"https:\/\/leschouxlents.potager.org\/index.php\/2016\/04\/10\/merci-patron\/","title":{"rendered":"Merci Patron !"},"content":{"rendered":"<h2>le Jeudi 28 avril 2016 \u00e0 20h<\/h2>\n<p>en pr\u00e9sence de Marie Berger &#038; Stephane Pagano, repr\u00e9sentants de Fakir<\/p>\n<p>Apr\u00e8s la projection de &#8220;Howard Zinn &#8211; Une histoire populaire am\u00e9ricaine&#8221; dans leur grange, &#8220;La r\u00e9sistance respire&#8221; dans la salle Georges Brassens de leur village, l&#8217;Habitat Group\u00e9 Les Choux Lents vous propose une <strong>projection-d\u00e9bat<\/strong> autour de  <strong>&#8220;Merci Patron !&#8221; <\/strong> de Fran\u00e7ois Ruffin au cin\u00e9ma  Rex de Neuville\/Sa\u00f4ne<\/p>\n<p><img loading=\"lazy\" decoding=\"async\" class=\" aligncenter size-full wp-image-261\" src=\"http:\/\/leschouxlents.potager.org\/uploads\/2016\/04\/arton904.jpg\" alt=\"arton904.jpg\" align=\"center\" width=\"750\" height=\"278\" srcset=\"https:\/\/leschouxlents.potager.org\/uploads\/2016\/04\/arton904.jpg 750w, https:\/\/leschouxlents.potager.org\/uploads\/2016\/04\/arton904-300x111.jpg 300w\" sizes=\"auto, (max-width: 750px) 100vw, 750px\" \/><\/p>\n<p>Merci Patron ! est un film documentaire satirique, une  \u00ab com\u00e9die documentaire \u00bb :<\/p>\n<blockquote><p>Fran\u00e7ois Ruffin est un fan absolu de Bernard Arnault. Qu&#8217;importent les services de s\u00e9curit\u00e9 qui l&#8217;emp\u00eachent de rencontrer son idole, ou l&#8217;hostilit\u00e9 d&#8217;anciens employ\u00e9s licenci\u00e9s, Fran\u00e7ois va d\u00e9border d&#8217;ing\u00e9niosit\u00e9 pour r\u00e9tablir le dialogue et partager avec tous sa passion pour le PDG de LVMH.<\/p>\n<p>Sur sa route il croise Jocelyne et Serge Klur, pour qui rien ne va plus : leur usine fabriquait des costumes Kenzo (Groupe LVMH), \u00e0 Poix-du-Nord, pr\u00e8s de Valenciennes, mais elle a \u00e9t\u00e9 d\u00e9localis\u00e9e en Pologne. Voil\u00e0 le couple au ch\u00f4mage, cribl\u00e9 de dettes, risquant d\u00e9sormais de perdre sa maison.<\/p>\n<p>Mais Fran\u00e7ois Ruffin est confiant : il va les sauver. Entour\u00e9 d\u2019un inspecteur des imp\u00f4ts belge, d\u2019une bonne s\u0153ur rouge, de la d\u00e9l\u00e9gu\u00e9e CGT, et d\u2019ex\u2011vendeurs \u00e0 la Samaritaine, il ira porter le cas Klur \u00e0 l\u2019assembl\u00e9e g\u00e9n\u00e9rale de LVMH, bien d\u00e9cid\u00e9 \u00e0 toucher le c\u0153ur de son PDG, Bernard Arnault.<\/p><\/blockquote>\n","protected":false},"excerpt":{"rendered":"<p>le Jeudi 28 avril 2016 \u00e0 20h en pr\u00e9sence de Marie Berger &#038; Stephane Pagano, repr\u00e9sentants de Fakir Apr\u00e8s la projection de &#8220;Howard Zinn &#8211; Une histoire populaire am\u00e9ricaine&#8221; dans leur grange, &#8220;La r\u00e9sistance respire&#8221; dans la salle Georges Brassens de leur village, l&#8217;Habitat Group\u00e9 Les Choux Lents vous propose une projection-d\u00e9bat autour de &#8220;Merci &#8230; <a title=\"Merci Patron !\" class=\"read-more\" href=\"https:\/\/leschouxlents.potager.org\/index.php\/2016\/04\/10\/merci-patron\/\" aria-label=\"Read more about Merci Patron !\">Read more<\/a><\/p>\n","protected":false},"author":1,"featured_media":261,"comment_status":"closed","ping_status":"open","sticky":false,"template":"","format":"standard","meta":{"footnotes":""},"categories":[12],"tags":[],"class_list":["post-262","post","type-post","status-publish","format-standard","has-post-thumbnail","hentry","category-les-evenements"],"_links":{"self":[{"href":"https:\/\/leschouxlents.potager.org\/index.php\/wp-json\/wp\/v2\/posts\/262","targetHints":{"allow":["GET"]}}],"collection":[{"href":"https:\/\/leschouxlents.potager.org\/index.php\/wp-json\/wp\/v2\/posts"}],"about":[{"href":"https:\/\/leschouxlents.potager.org\/index.php\/wp-json\/wp\/v2\/types\/post"}],"author":[{"embeddable":true,"href":"https:\/\/leschouxlents.potager.org\/index.php\/wp-json\/wp\/v2\/users\/1"}],"replies":[{"embeddable":true,"href":"https:\/\/leschouxlents.potager.org\/index.php\/wp-json\/wp\/v2\/comments?post=262"}],"version-history":[{"count":0,"href":"https:\/\/leschouxlents.potager.org\/index.php\/wp-json\/wp\/v2\/posts\/262\/revisions"}],"wp:featuredmedia":[{"embeddable":true,"href":"https:\/\/leschouxlents.potager.org\/index.php\/wp-json\/wp\/v2\/media\/261"}],"wp:attachment":[{"href":"https:\/\/leschouxlents.potager.org\/index.php\/wp-json\/wp\/v2\/media?parent=262"}],"wp:term":[{"taxonomy":"category","embeddable":true,"href":"https:\/\/leschouxlents.potager.org\/index.php\/wp-json\/wp\/v2\/categories?post=262"},{"taxonomy":"post_tag","embeddable":true,"href":"https:\/\/leschouxlents.potager.org\/index.php\/wp-json\/wp\/v2\/tags?post=262"}],"curies":[{"name":"wp","href":"https:\/\/api.w.org\/{rel}","templated":true}]}}