{"id":263,"date":"2016-05-16T23:24:52","date_gmt":"2016-05-16T23:24:52","guid":{"rendered":"https:\/\/leschouxlents.potager.org\/wordpress\/index.php\/2016\/05\/16\/portes-ouvertes-28-mai-2016\/"},"modified":"2016-05-16T23:24:52","modified_gmt":"2016-05-16T23:24:52","slug":"portes-ouvertes-28-mai-2016","status":"publish","type":"post","link":"https:\/\/leschouxlents.potager.org\/index.php\/2016\/05\/16\/portes-ouvertes-28-mai-2016\/","title":{"rendered":"Portes Ouvertes &#8211; 28 mai 2016"},"content":{"rendered":"<p>Les Choux Lents ouvrent leurs portes le 28 mai apr\u00e8s-midi pour une double occasion :<\/p>\n<ul>\n<li> La f\u00eate du village, car l&#8217;on f\u00eate la saint Germain. Toutes les asso sont de sortie ce jour-l\u00e0 : http:\/\/www.sgmo.net\/fete\/<\/li>\n<li> Les Journ\u00e9es Portes Ouvertes Europ\u00e9ennes de l\u2019Habitat Participatif qui se tiennent en Mai : http:\/\/www.habitatparticipatif.net\/<\/li>\n<\/ul>\n<p>Pr\u00e9sentation et visite du projet de 15H \u00e0 18H.<br \/>\nVenez nombreux !<\/p>\n","protected":false},"excerpt":{"rendered":"<p>Les Choux Lents ouvrent leurs portes le 28 mai apr\u00e8s-midi pour une double occasion : La f\u00eate du village, car l&#8217;on f\u00eate la saint Germain. Toutes les asso sont de sortie ce jour-l\u00e0 : http:\/\/www.sgmo.net\/fete\/ Les Journ\u00e9es Portes Ouvertes Europ\u00e9ennes de l\u2019Habitat Participatif qui se tiennent en Mai : http:\/\/www.habitatparticipatif.net\/ Pr\u00e9sentation et visite du projet &#8230; <a title=\"Portes Ouvertes &#8211; 28 mai 2016\" class=\"read-more\" href=\"https:\/\/leschouxlents.potager.org\/index.php\/2016\/05\/16\/portes-ouvertes-28-mai-2016\/\" aria-label=\"Read more about Portes Ouvertes &#8211; 28 mai 2016\">Read more<\/a><\/p>\n","protected":false},"author":1,"featured_media":0,"comment_status":"closed","ping_status":"open","sticky":false,"template":"","format":"standard","meta":{"footnotes":""},"categories":[12],"tags":[],"class_list":["post-263","post","type-post","status-publish","format-standard","hentry","category-les-evenements"],"_links":{"self":[{"href":"https:\/\/leschouxlents.potager.org\/index.php\/wp-json\/wp\/v2\/posts\/263","targetHints":{"allow":["GET"]}}],"collection":[{"href":"https:\/\/leschouxlents.potager.org\/index.php\/wp-json\/wp\/v2\/posts"}],"about":[{"href":"https:\/\/leschouxlents.potager.org\/index.php\/wp-json\/wp\/v2\/types\/post"}],"author":[{"embeddable":true,"href":"https:\/\/leschouxlents.potager.org\/index.php\/wp-json\/wp\/v2\/users\/1"}],"replies":[{"embeddable":true,"href":"https:\/\/leschouxlents.potager.org\/index.php\/wp-json\/wp\/v2\/comments?post=263"}],"version-history":[{"count":0,"href":"https:\/\/leschouxlents.potager.org\/index.php\/wp-json\/wp\/v2\/posts\/263\/revisions"}],"wp:attachment":[{"href":"https:\/\/leschouxlents.potager.org\/index.php\/wp-json\/wp\/v2\/media?parent=263"}],"wp:term":[{"taxonomy":"category","embeddable":true,"href":"https:\/\/leschouxlents.potager.org\/index.php\/wp-json\/wp\/v2\/categories?post=263"},{"taxonomy":"post_tag","embeddable":true,"href":"https:\/\/leschouxlents.potager.org\/index.php\/wp-json\/wp\/v2\/tags?post=263"}],"curies":[{"name":"wp","href":"https:\/\/api.w.org\/{rel}","templated":true}]}}