{"id":266,"date":"2016-06-09T14:53:46","date_gmt":"2016-06-09T14:53:46","guid":{"rendered":"https:\/\/leschouxlents.potager.org\/wordpress\/index.php\/2016\/06\/09\/chantier-dete-aux-choux-lents\/"},"modified":"2016-06-09T14:53:46","modified_gmt":"2016-06-09T14:53:46","slug":"chantier-dete-aux-choux-lents","status":"publish","type":"post","link":"https:\/\/leschouxlents.potager.org\/index.php\/2016\/06\/09\/chantier-dete-aux-choux-lents\/","title":{"rendered":"Chantier d&#8217;\u00e9t\u00e9 aux Choux Lents"},"content":{"rendered":"<p>Nous vous invitons \u00e0 notre prochain chantier participatif, du samedi 9 au dimanche 17 juillet.<\/p>\n<p>Au programme pour ce chantier :<br \/>\n&#8211; R\u00e9alisation d&#8217;enduits terre et de laits de chaux,<br \/>\n&#8211; Pose d&#8217;un chauffage par le sol,<br \/>\n&#8211; \u00e9lectricit\u00e9 et peinture,<br \/>\n&#8211; R\u00e9seaux d&#8217;eau et de ventilation,<br \/>\n&#8211; Montage d&#8217;un faux plafond, placage et enduits chaux<\/p>\n<p>[|<figure id=\"attachment_264\" aria-describedby=\"caption-attachment-264\" style=\"width: 267px\" class=\"wp-caption aligncenter\"><img loading=\"lazy\" decoding=\"async\" class=\" aligncenter size-full wp-image-264\" src=\"http:\/\/leschouxlents.potager.org\/uploads\/2016\/06\/chantier_etanchetie.jpg\" alt=\"Chantier \u00e9tanch\u00e9it\u00e9\" title=\"Chantier \u00e9tanch\u00e9it\u00e9\" class=\"caption\" align=\"center\" width=\"277\" height=\"262\" \/><figcaption id=\"caption-attachment-264\" class=\"wp-caption-text\"><strong>Chantier \u00e9tanch\u00e9it\u00e9<\/strong><\/figcaption><\/figure>|]<\/p>\n<p>Ces t\u00e2ches pr\u00e9visionnelles sont susceptibles d&#8217;\u00eatre modifi\u00e9es. Si vous \u00eates int\u00e9ress\u00e9.e.s sp\u00e9cifiquement par une t\u00e2che, n&#8217;h\u00e9sitez pas \u00e0 nous faire des demandes (et nous donner vos dispo), on s&#8217;organisera au mieux.<\/p>\n<p>[|<figure id=\"attachment_265\" aria-describedby=\"caption-attachment-265\" style=\"width: 990px\" class=\"wp-caption aligncenter\"><img loading=\"lazy\" decoding=\"async\" class=\" aligncenter size-full wp-image-265\" src=\"http:\/\/leschouxlents.potager.org\/uploads\/2016\/06\/chantier_plancher.jpg\" alt=\"Chantier plancher\" title=\"Chantier plancher\" class=\"caption\" align=\"center\" width=\"1000\" height=\"794\" srcset=\"https:\/\/leschouxlents.potager.org\/uploads\/2016\/06\/chantier_plancher.jpg 1000w, https:\/\/leschouxlents.potager.org\/uploads\/2016\/06\/chantier_plancher-300x238.jpg 300w, https:\/\/leschouxlents.potager.org\/uploads\/2016\/06\/chantier_plancher-768x610.jpg 768w\" sizes=\"auto, (max-width: 1000px) 100vw, 1000px\" \/><figcaption id=\"caption-attachment-265\" class=\"wp-caption-text\"><strong>Chantier plancher<\/strong><\/figcaption><\/figure>|]<\/p>\n<p><strong>M\u00eame pour une apr\u00e8s-midi votre aide est la bienvenue !<\/strong><\/p>\n<p>Le matin, rendez-vous d\u00e8s 9h pour le caf\u00e9 et le brief du chantier du jour.<\/p>\n<p>N&#8217;h\u00e9sitez pas \u00e0 <a href=\" choux.lents@potager.org\">nous contacter <\/a> pour toute question.<\/p>\n<p>Comme d&#8217;habitude, 2 mots sur le chantier : bonne humeur, entraide, on apprend en faisant. Chacun.e est libre de faire des pauses.  Bien \u00e9videmment vos repas (bonnes bouffes bio \u00e0 tendances v\u00e9g\u00e9tariennes) et nuit\u00e9es vous sont chaleureusement offerts (dans la limite des places disponibles).<\/p>\n<p>    Et, cela devient d\u00e9sormais une tradition, m\u00eame si le programme reste encore \u00e0 construire, nous pr\u00e9voyons cette fois encore de vous concocter quelques activit\u00e9s hors chantier.<br \/>\n    Concert ? Projection de documentaire ? Bal du 14 juillet ? Soir\u00e9e &#8220;Yaksof&#8221; ? Tout cela \u00e0 la suite ? <\/p>\n","protected":false},"excerpt":{"rendered":"<p>Nous vous invitons \u00e0 notre prochain chantier participatif, du samedi 9 au dimanche 17 juillet. Au programme pour ce chantier : &#8211; R\u00e9alisation d&#8217;enduits terre et de laits de chaux, &#8211; Pose d&#8217;un chauffage par le sol, &#8211; \u00e9lectricit\u00e9 et peinture, &#8211; R\u00e9seaux d&#8217;eau et de ventilation, &#8211; Montage d&#8217;un faux plafond, placage et enduits &#8230; <a title=\"Chantier d&#8217;\u00e9t\u00e9 aux Choux Lents\" class=\"read-more\" href=\"https:\/\/leschouxlents.potager.org\/index.php\/2016\/06\/09\/chantier-dete-aux-choux-lents\/\" aria-label=\"Read more about Chantier d&#8217;\u00e9t\u00e9 aux Choux Lents\">Read more<\/a><\/p>\n","protected":false},"author":1,"featured_media":264,"comment_status":"closed","ping_status":"open","sticky":false,"template":"","format":"standard","meta":{"footnotes":""},"categories":[11],"tags":[],"class_list":["post-266","post","type-post","status-publish","format-standard","has-post-thumbnail","hentry","category-les-chantiers"],"_links":{"self":[{"href":"https:\/\/leschouxlents.potager.org\/index.php\/wp-json\/wp\/v2\/posts\/266","targetHints":{"allow":["GET"]}}],"collection":[{"href":"https:\/\/leschouxlents.potager.org\/index.php\/wp-json\/wp\/v2\/posts"}],"about":[{"href":"https:\/\/leschouxlents.potager.org\/index.php\/wp-json\/wp\/v2\/types\/post"}],"author":[{"embeddable":true,"href":"https:\/\/leschouxlents.potager.org\/index.php\/wp-json\/wp\/v2\/users\/1"}],"replies":[{"embeddable":true,"href":"https:\/\/leschouxlents.potager.org\/index.php\/wp-json\/wp\/v2\/comments?post=266"}],"version-history":[{"count":0,"href":"https:\/\/leschouxlents.potager.org\/index.php\/wp-json\/wp\/v2\/posts\/266\/revisions"}],"wp:featuredmedia":[{"embeddable":true,"href":"https:\/\/leschouxlents.potager.org\/index.php\/wp-json\/wp\/v2\/media\/264"}],"wp:attachment":[{"href":"https:\/\/leschouxlents.potager.org\/index.php\/wp-json\/wp\/v2\/media?parent=266"}],"wp:term":[{"taxonomy":"category","embeddable":true,"href":"https:\/\/leschouxlents.potager.org\/index.php\/wp-json\/wp\/v2\/categories?post=266"},{"taxonomy":"post_tag","embeddable":true,"href":"https:\/\/leschouxlents.potager.org\/index.php\/wp-json\/wp\/v2\/tags?post=266"}],"curies":[{"name":"wp","href":"https:\/\/api.w.org\/{rel}","templated":true}]}}