{"id":268,"date":"2016-06-27T09:08:32","date_gmt":"2016-06-27T09:08:32","guid":{"rendered":"https:\/\/leschouxlents.potager.org\/wordpress\/index.php\/2016\/06\/27\/bal-concert-et\/"},"modified":"2016-06-27T09:08:32","modified_gmt":"2016-06-27T09:08:32","slug":"bal-concert-et","status":"publish","type":"post","link":"https:\/\/leschouxlents.potager.org\/index.php\/2016\/06\/27\/bal-concert-et\/","title":{"rendered":"Bal, concert et&#8230;"},"content":{"rendered":"<p>A l&#8217;occasion de leur prochain <a href=\" article250\">chantier participatif <\/a>  (mais pas que), les Choux Lents (mais pas qu&#8217;eux) vous invitent \u00e0 un duo de soir\u00e9es (mais pas queue).<\/p>\n<h2>Samedi 16 juillet &#8211; Concert latino<\/h2>\n<p>[|<img loading=\"lazy\" decoding=\"async\" class=\" aligncenter size-full wp-image-267\" src=\"http:\/\/leschouxlents.potager.org\/uploads\/2016\/06\/concertlatino.jpg\" alt=\"concertlatino.jpg\" align=\"center\" width=\"235\" height=\"350\" srcset=\"https:\/\/leschouxlents.potager.org\/uploads\/2016\/06\/concertlatino.jpg 235w, https:\/\/leschouxlents.potager.org\/uploads\/2016\/06\/concertlatino-201x300.jpg 201w\" sizes=\"auto, (max-width: 235px) 100vw, 235px\" \/>|]<\/p>\n<p><strong> chansons populaires de la musique latine<\/strong><br \/>\n(Espagne, Portugal, Cap Vert, Argentine, Br\u00e9sil, Colombie,\u2026) <\/p>\n<p>Complicit\u00e9 subtile entre une voix chaleureuse au timbre color\u00e9<br \/>\net une guitare libre, g\u00e9n\u00e9reuse.<\/p>\n<p>Pour un hommage r\u00e9jouissant \u00e0 ce r\u00e9pertoire nomade<br \/>\naux accents de <strong>fado<\/strong>, de <strong>flamenco<\/strong>, de <strong>rumba<\/strong>,<br \/>\nde <strong>bol\u00e9ro<\/strong>, de <strong>tango<\/strong>, de <strong>bossa nova<\/strong>, \u2026<\/p>\n<p>Invitation \u00e0 une \u00ab rambla \u00bb musicale,<br \/>\n\u00ab promenade \u00bb en chansons, connues ou \u00e0 d\u00e9couvrir.<\/p>\n<p>avec  <strong>Blandine Juthier<\/strong> (chant) &#038; <strong>Olivier Lataste<\/strong> (guitare)<\/p>\n<p><em>rdv cour des Choux Lents<br \/>\n<br \/>19 avenue de la r\u00e9sistance &#8211; 69650 Saint-Germain au mont d&#8217;or<br \/>\n<br \/>19h ap\u00e9ro-buffet &#8220;chacun ram\u00e8ne son plat&#8221;  &#8211;  20h30 concert<br \/>\n<br \/>Entr\u00e9e libre &#8211; participation au chapeau <\/em> <\/p>\n<h2>Mercredi 13 juillet &#8211; bal populaire<\/h2>\n<p>Nous faisons des f\u00eates chez nous mais nous allons aussi aux f\u00eates des autres !<\/p>\n<p>Alors, quand on nous promet quelques bonnes daubes, quelques chopines et un feu d&#8217;artifice, on ne se fait pas prier !<\/p>\n<p>Mais comptez sur nous, f\u00eater les r\u00e9volutions pass\u00e9es ne nous fera pas oublier les r\u00e9volutions \u00e0 venir&#8230;<\/p>\n<p><em>rdv Esplanade de la Mendillonne  (en face de la mairie)<br \/>\n<br \/>69650 Saint-Germain au mont d&#8217;or<br \/>\n<br \/>A partir de 21h<\/em><\/p>\n<p><strong><em>Mercredi 13 juillet toujours<br \/>\n<br \/>Assembl\u00e9e g\u00e9n\u00e9rale de l\u2019association<\/strong><\/em><\/p>\n<p>L&#8217;autre n&#8217;emp\u00eachant pas l&#8217;un, vous pouvez aussi nous rejoindre \u00e0 19h pour une pr\u00e9-soir\u00e9e un peu moins festive, mais que nous essayerons de vous proposer la plus anim\u00e9e et enjou\u00e9e possible, pour notre assembl\u00e9e g\u00e9n\u00e9rale annuelle.<\/p>\n<p>Que vous vouliez nous d\u00e9couvrir, nous soutenir, continuer \u00e0 nous suivre, vous \u00eates les bienvenu(e)s !<\/p>\n<p><em>rdv cour des Choux Lents<br \/>\n<br \/>19 avenue de la r\u00e9sistance &#8211; 69650 Saint-Germain au mont d&#8217;or<br \/>\n<br \/>19h ap\u00e9ro-repas partag\u00e9  &#8211;  20h assembl\u00e9e g\u00e9n\u00e9rale &#8211; 21h fin et d\u00e9part pour le bal !<\/em><\/p>\n<p>Pour rappel : les statuts de notre association sont <a href=\" article60\">ici <\/a>, l&#8217;adh\u00e9sion est \u00e0 prix libre pour les <a href=\" https:\/\/listes.potager.org\/listinfo\/sympathichoux\">sympathichoux <\/a> (les sympathisants du projet des Choux Lents)<\/p>\n<hr \/>\n","protected":false},"excerpt":{"rendered":"<p>A l&#8217;occasion de leur prochain chantier participatif (mais pas que), les Choux Lents (mais pas qu&#8217;eux) vous invitent \u00e0 un duo de soir\u00e9es (mais pas queue). Samedi 16 juillet &#8211; Concert latino [||] chansons populaires de la musique latine (Espagne, Portugal, Cap Vert, Argentine, Br\u00e9sil, Colombie,\u2026) Complicit\u00e9 subtile entre une voix chaleureuse au timbre color\u00e9 &#8230; <a title=\"Bal, concert et&#8230;\" class=\"read-more\" href=\"https:\/\/leschouxlents.potager.org\/index.php\/2016\/06\/27\/bal-concert-et\/\" aria-label=\"Read more about Bal, concert et&#8230;\">Read more<\/a><\/p>\n","protected":false},"author":1,"featured_media":267,"comment_status":"closed","ping_status":"open","sticky":false,"template":"","format":"standard","meta":{"footnotes":""},"categories":[12],"tags":[],"class_list":["post-268","post","type-post","status-publish","format-standard","has-post-thumbnail","hentry","category-les-evenements"],"_links":{"self":[{"href":"https:\/\/leschouxlents.potager.org\/index.php\/wp-json\/wp\/v2\/posts\/268","targetHints":{"allow":["GET"]}}],"collection":[{"href":"https:\/\/leschouxlents.potager.org\/index.php\/wp-json\/wp\/v2\/posts"}],"about":[{"href":"https:\/\/leschouxlents.potager.org\/index.php\/wp-json\/wp\/v2\/types\/post"}],"author":[{"embeddable":true,"href":"https:\/\/leschouxlents.potager.org\/index.php\/wp-json\/wp\/v2\/users\/1"}],"replies":[{"embeddable":true,"href":"https:\/\/leschouxlents.potager.org\/index.php\/wp-json\/wp\/v2\/comments?post=268"}],"version-history":[{"count":0,"href":"https:\/\/leschouxlents.potager.org\/index.php\/wp-json\/wp\/v2\/posts\/268\/revisions"}],"wp:featuredmedia":[{"embeddable":true,"href":"https:\/\/leschouxlents.potager.org\/index.php\/wp-json\/wp\/v2\/media\/267"}],"wp:attachment":[{"href":"https:\/\/leschouxlents.potager.org\/index.php\/wp-json\/wp\/v2\/media?parent=268"}],"wp:term":[{"taxonomy":"category","embeddable":true,"href":"https:\/\/leschouxlents.potager.org\/index.php\/wp-json\/wp\/v2\/categories?post=268"},{"taxonomy":"post_tag","embeddable":true,"href":"https:\/\/leschouxlents.potager.org\/index.php\/wp-json\/wp\/v2\/tags?post=268"}],"curies":[{"name":"wp","href":"https:\/\/api.w.org\/{rel}","templated":true}]}}