{"id":269,"date":"2016-07-19T14:09:11","date_gmt":"2016-07-19T14:09:11","guid":{"rendered":"https:\/\/leschouxlents.potager.org\/wordpress\/index.php\/2016\/07\/19\/concert-latino\/"},"modified":"2016-07-19T14:09:11","modified_gmt":"2016-07-19T14:09:11","slug":"concert-latino","status":"publish","type":"post","link":"https:\/\/leschouxlents.potager.org\/index.php\/2016\/07\/19\/concert-latino\/","title":{"rendered":"Concert Latino"},"content":{"rendered":"<p>Les Choux Lents ont eu le plaisir d&#8217;accueillir le duo Rambla Latino<br \/>\npour un concert de <strong> chansons populaires de la musique latine<\/strong><br \/>\n(Espagne, Portugal, Cap Vert, Argentine, Br\u00e9sil, Colombie,\u2026) <\/p>\n<p>[|<sjcycle252|center>|]<\/p>\n<p>avec  <strong>Blandine Juthier<\/strong> (chant) &#038; <strong>Olivier Lataste<\/strong> (guitare)<\/p>\n<p>Complicit\u00e9 subtile entre une voix chaleureuse au timbre color\u00e9<br \/>\net une guitare libre, g\u00e9n\u00e9reuse.<\/p>\n<p>Pour un hommage r\u00e9jouissant \u00e0 ce r\u00e9pertoire nomade<br \/>\naux accents de <strong>fado<\/strong>, de <strong>flamenco<\/strong>, de <strong>rumba<\/strong>,<br \/>\nde <strong>bol\u00e9ro<\/strong>, de <strong>tango<\/strong>, de <strong>bossa nova<\/strong>, \u2026<\/p>\n<p>Invitation \u00e0 une \u00ab rambla \u00bb musicale,<br \/>\n\u00ab promenade \u00bb en chansons, connues ou \u00e0 d\u00e9couvrir.<\/p>\n<p>Une tr\u00e8s belle soir\u00e9e !<\/p>\n","protected":false},"excerpt":{"rendered":"<p>Les Choux Lents ont eu le plaisir d&#8217;accueillir le duo Rambla Latino pour un concert de chansons populaires de la musique latine (Espagne, Portugal, Cap Vert, Argentine, Br\u00e9sil, Colombie,\u2026) [||] avec Blandine Juthier (chant) &#038; Olivier Lataste (guitare) Complicit\u00e9 subtile entre une voix chaleureuse au timbre color\u00e9 et une guitare libre, g\u00e9n\u00e9reuse. Pour un hommage &#8230; <a title=\"Concert Latino\" class=\"read-more\" href=\"https:\/\/leschouxlents.potager.org\/index.php\/2016\/07\/19\/concert-latino\/\" aria-label=\"Read more about Concert Latino\">Read more<\/a><\/p>\n","protected":false},"author":1,"featured_media":0,"comment_status":"closed","ping_status":"open","sticky":false,"template":"","format":"standard","meta":{"footnotes":""},"categories":[12],"tags":[],"class_list":["post-269","post","type-post","status-publish","format-standard","hentry","category-les-evenements"],"_links":{"self":[{"href":"https:\/\/leschouxlents.potager.org\/index.php\/wp-json\/wp\/v2\/posts\/269","targetHints":{"allow":["GET"]}}],"collection":[{"href":"https:\/\/leschouxlents.potager.org\/index.php\/wp-json\/wp\/v2\/posts"}],"about":[{"href":"https:\/\/leschouxlents.potager.org\/index.php\/wp-json\/wp\/v2\/types\/post"}],"author":[{"embeddable":true,"href":"https:\/\/leschouxlents.potager.org\/index.php\/wp-json\/wp\/v2\/users\/1"}],"replies":[{"embeddable":true,"href":"https:\/\/leschouxlents.potager.org\/index.php\/wp-json\/wp\/v2\/comments?post=269"}],"version-history":[{"count":0,"href":"https:\/\/leschouxlents.potager.org\/index.php\/wp-json\/wp\/v2\/posts\/269\/revisions"}],"wp:attachment":[{"href":"https:\/\/leschouxlents.potager.org\/index.php\/wp-json\/wp\/v2\/media?parent=269"}],"wp:term":[{"taxonomy":"category","embeddable":true,"href":"https:\/\/leschouxlents.potager.org\/index.php\/wp-json\/wp\/v2\/categories?post=269"},{"taxonomy":"post_tag","embeddable":true,"href":"https:\/\/leschouxlents.potager.org\/index.php\/wp-json\/wp\/v2\/tags?post=269"}],"curies":[{"name":"wp","href":"https:\/\/api.w.org\/{rel}","templated":true}]}}