{"id":271,"date":"2016-07-24T20:58:55","date_gmt":"2016-07-24T20:58:55","guid":{"rendered":"https:\/\/leschouxlents.potager.org\/wordpress\/index.php\/2016\/07\/24\/une-soiree-musicale-a-ne-pas-rater\/"},"modified":"2016-07-24T20:58:55","modified_gmt":"2016-07-24T20:58:55","slug":"une-soiree-musicale-a-ne-pas-rater","status":"publish","type":"post","link":"https:\/\/leschouxlents.potager.org\/index.php\/2016\/07\/24\/une-soiree-musicale-a-ne-pas-rater\/","title":{"rendered":"Une soir\u00e9e musicale \u00e0 ne pas rater !"},"content":{"rendered":"<p>A l&#8217;occasion de notre troisi\u00e8me chantier international <\/p>\n<h2>Soir\u00e9e exceptionnelle aux Choux Lents<\/h2>\n<p><strong>Fred Brousse<\/strong>, bluesman international de talent<br \/>\nnous fait l&#8217;amiti\u00e9 d&#8217;un concert aux Choux Lents,<br \/>\n<strong>jeudi 4 aout prochain \u00e0 partir de 19 h 30<\/strong>&#8230;<\/p>\n<p>[|<img loading=\"lazy\" decoding=\"async\" class=\" aligncenter size-full wp-image-270\" src=\"http:\/\/leschouxlents.potager.org\/uploads\/2016\/07\/fred.jpg\" alt=\"fred.jpg\" align=\"center\" width=\"325\" height=\"360\" srcset=\"https:\/\/leschouxlents.potager.org\/uploads\/2016\/07\/fred.jpg 325w, https:\/\/leschouxlents.potager.org\/uploads\/2016\/07\/fred-271x300.jpg 271w\" sizes=\"auto, (max-width: 325px) 100vw, 325px\" \/>|]<\/p>\n<p>&#8230;et partagera son plaisir de jouer lors d&#8217;un boeuf de fin de soir\u00e9e.<\/p>\n<p><em>Participation au chapeau pour l&#8217;artiste<br \/>\n<br \/>Repas partag\u00e9 sur place, apportez vos sp\u00e9cialit\u00e9s.<\/em><\/p>\n<p>Au programme,  guitare, harmonica, rythme et une superbe voix<br \/>\n<a href=\" http:\/\/fredblues44.wix.com\/fredbrousse\"> http:\/\/fredblues44.wix.com\/fredbrousse<\/a><\/p>\n","protected":false},"excerpt":{"rendered":"<p>A l&#8217;occasion de notre troisi\u00e8me chantier international Soir\u00e9e exceptionnelle aux Choux Lents Fred Brousse, bluesman international de talent nous fait l&#8217;amiti\u00e9 d&#8217;un concert aux Choux Lents, jeudi 4 aout prochain \u00e0 partir de 19 h 30&#8230; [||] &#8230;et partagera son plaisir de jouer lors d&#8217;un boeuf de fin de soir\u00e9e. Participation au chapeau pour l&#8217;artiste &#8230; <a title=\"Une soir\u00e9e musicale \u00e0 ne pas rater !\" class=\"read-more\" href=\"https:\/\/leschouxlents.potager.org\/index.php\/2016\/07\/24\/une-soiree-musicale-a-ne-pas-rater\/\" aria-label=\"Read more about Une soir\u00e9e musicale \u00e0 ne pas rater !\">Read more<\/a><\/p>\n","protected":false},"author":1,"featured_media":270,"comment_status":"closed","ping_status":"open","sticky":false,"template":"","format":"standard","meta":{"footnotes":""},"categories":[12],"tags":[],"class_list":["post-271","post","type-post","status-publish","format-standard","has-post-thumbnail","hentry","category-les-evenements"],"_links":{"self":[{"href":"https:\/\/leschouxlents.potager.org\/index.php\/wp-json\/wp\/v2\/posts\/271","targetHints":{"allow":["GET"]}}],"collection":[{"href":"https:\/\/leschouxlents.potager.org\/index.php\/wp-json\/wp\/v2\/posts"}],"about":[{"href":"https:\/\/leschouxlents.potager.org\/index.php\/wp-json\/wp\/v2\/types\/post"}],"author":[{"embeddable":true,"href":"https:\/\/leschouxlents.potager.org\/index.php\/wp-json\/wp\/v2\/users\/1"}],"replies":[{"embeddable":true,"href":"https:\/\/leschouxlents.potager.org\/index.php\/wp-json\/wp\/v2\/comments?post=271"}],"version-history":[{"count":0,"href":"https:\/\/leschouxlents.potager.org\/index.php\/wp-json\/wp\/v2\/posts\/271\/revisions"}],"wp:featuredmedia":[{"embeddable":true,"href":"https:\/\/leschouxlents.potager.org\/index.php\/wp-json\/wp\/v2\/media\/270"}],"wp:attachment":[{"href":"https:\/\/leschouxlents.potager.org\/index.php\/wp-json\/wp\/v2\/media?parent=271"}],"wp:term":[{"taxonomy":"category","embeddable":true,"href":"https:\/\/leschouxlents.potager.org\/index.php\/wp-json\/wp\/v2\/categories?post=271"},{"taxonomy":"post_tag","embeddable":true,"href":"https:\/\/leschouxlents.potager.org\/index.php\/wp-json\/wp\/v2\/tags?post=271"}],"curies":[{"name":"wp","href":"https:\/\/api.w.org\/{rel}","templated":true}]}}