{"id":272,"date":"2016-08-29T18:03:59","date_gmt":"2016-08-29T18:03:59","guid":{"rendered":"https:\/\/leschouxlents.potager.org\/wordpress\/index.php\/2016\/08\/29\/chantier-participatif-de-juillet\/"},"modified":"2016-08-29T18:03:59","modified_gmt":"2016-08-29T18:03:59","slug":"chantier-participatif-de-juillet","status":"publish","type":"post","link":"https:\/\/leschouxlents.potager.org\/index.php\/2016\/08\/29\/chantier-participatif-de-juillet\/","title":{"rendered":"Chantier participatif de juillet"},"content":{"rendered":"<p>Au programme de ce chantier aussi intense en travaux qu&#8217;en belles rencontres des enduits terre &#038; chaux, de l&#8217;\u00e9lectricit\u00e9, de la menuiserie, une pose de VMC double flux&#8230; et du jardinage !<br \/>\n[|<sjcycle254|center>|]<br \/>\nMerci \u00e0 Thierry pour les photos !<\/p>\n","protected":false},"excerpt":{"rendered":"<p>Au programme de ce chantier aussi intense en travaux qu&#8217;en belles rencontres des enduits terre &#038; chaux, de l&#8217;\u00e9lectricit\u00e9, de la menuiserie, une pose de VMC double flux&#8230; et du jardinage ! [||] Merci \u00e0 Thierry pour les photos !<\/p>\n","protected":false},"author":1,"featured_media":0,"comment_status":"closed","ping_status":"open","sticky":false,"template":"","format":"standard","meta":{"footnotes":""},"categories":[11],"tags":[],"class_list":["post-272","post","type-post","status-publish","format-standard","hentry","category-les-chantiers"],"_links":{"self":[{"href":"https:\/\/leschouxlents.potager.org\/index.php\/wp-json\/wp\/v2\/posts\/272","targetHints":{"allow":["GET"]}}],"collection":[{"href":"https:\/\/leschouxlents.potager.org\/index.php\/wp-json\/wp\/v2\/posts"}],"about":[{"href":"https:\/\/leschouxlents.potager.org\/index.php\/wp-json\/wp\/v2\/types\/post"}],"author":[{"embeddable":true,"href":"https:\/\/leschouxlents.potager.org\/index.php\/wp-json\/wp\/v2\/users\/1"}],"replies":[{"embeddable":true,"href":"https:\/\/leschouxlents.potager.org\/index.php\/wp-json\/wp\/v2\/comments?post=272"}],"version-history":[{"count":0,"href":"https:\/\/leschouxlents.potager.org\/index.php\/wp-json\/wp\/v2\/posts\/272\/revisions"}],"wp:attachment":[{"href":"https:\/\/leschouxlents.potager.org\/index.php\/wp-json\/wp\/v2\/media?parent=272"}],"wp:term":[{"taxonomy":"category","embeddable":true,"href":"https:\/\/leschouxlents.potager.org\/index.php\/wp-json\/wp\/v2\/categories?post=272"},{"taxonomy":"post_tag","embeddable":true,"href":"https:\/\/leschouxlents.potager.org\/index.php\/wp-json\/wp\/v2\/tags?post=272"}],"curies":[{"name":"wp","href":"https:\/\/api.w.org\/{rel}","templated":true}]}}