{"id":274,"date":"2016-08-21T22:15:29","date_gmt":"2016-08-21T22:15:29","guid":{"rendered":"https:\/\/leschouxlents.potager.org\/wordpress\/index.php\/2016\/08\/21\/bal-folk-et-echappee-chouette\/"},"modified":"2016-08-21T22:15:29","modified_gmt":"2016-08-21T22:15:29","slug":"bal-folk-et-echappee-chouette","status":"publish","type":"post","link":"https:\/\/leschouxlents.potager.org\/index.php\/2016\/08\/21\/bal-folk-et-echappee-chouette\/","title":{"rendered":"Bal folk et \u00c9chapp\u00e9e Chouette!"},"content":{"rendered":"<p>[|A l&#8217;occasion de la venue de <strong>l\u2019\u00c9chapp\u00e9e Chouette<\/strong>*,<br \/>\n<br \/><strong>les Choux Lents<\/strong> et <strong>Nos Chers Voisins<\/strong> vous invitent \u00e0<br \/>\nun bal folk<br \/>\navec  le<\/p>\n<h2>POK &#038; mon&#8217;dor **<\/h2>\n<p><img loading=\"lazy\" decoding=\"async\" class=\" aligncenter size-full wp-image-273\" src=\"http:\/\/leschouxlents.potager.org\/uploads\/2016\/08\/pok.jpg\" alt=\"pok.jpg\" align=\"center\" width=\"900\" height=\"600\" srcset=\"https:\/\/leschouxlents.potager.org\/uploads\/2016\/08\/pok.jpg 900w, https:\/\/leschouxlents.potager.org\/uploads\/2016\/08\/pok-300x200.jpg 300w, https:\/\/leschouxlents.potager.org\/uploads\/2016\/08\/pok-768x512.jpg 768w\" sizes=\"auto, (max-width: 900px) 100vw, 900px\" \/>|]<\/p>\n<p><em>Participation au chapeau pour les artistes<br \/>\n<br \/>Ap\u00e9ro-buffet partag\u00e9 sur place, apportez vos mets et breuvages les plus d\u00e9licats !<\/em><\/p>\n<p>[|<sjcycle255|docs=397, 393,394,395,396|btn_precedent=1|btn_suivant=1>|]<\/p>\n<p><small>  *  \tGroupe d\u2019une trentaine de cyclistes qui p\u00e9daleront 4 jours, du 25 au 28 aout, \u00e0 la rencontre de lieux et dynamiques alternatifs entre les Monts du Lyonnais et les Monts d\u2019Or. <\/small><\/p>\n<p><small> ** \t Une formation originale compos\u00e9e de membres du POK (Petit Orchestre en Kit, groupe de musique Trad (Irish, Country, Klezmer, Europe de l&#8217;est, Am\u00e9rique latine&#8230;, n\u00e9 et vivant \u00e0 la Boulangerie du Prado \u00e0 Lyon) et d&#8217;invit\u00e9s tr\u00e8s sp\u00e9ciaux. <\/small><\/p>\n","protected":false},"excerpt":{"rendered":"<p>[|A l&#8217;occasion de la venue de l\u2019\u00c9chapp\u00e9e Chouette*, les Choux Lents et Nos Chers Voisins vous invitent \u00e0 un bal folk avec le POK &#038; mon&#8217;dor ** |] Participation au chapeau pour les artistes Ap\u00e9ro-buffet partag\u00e9 sur place, apportez vos mets et breuvages les plus d\u00e9licats ! [||] * Groupe d\u2019une trentaine de cyclistes qui &#8230; <a title=\"Bal folk et \u00c9chapp\u00e9e Chouette!\" class=\"read-more\" href=\"https:\/\/leschouxlents.potager.org\/index.php\/2016\/08\/21\/bal-folk-et-echappee-chouette\/\" aria-label=\"Read more about Bal folk et \u00c9chapp\u00e9e Chouette!\">Read more<\/a><\/p>\n","protected":false},"author":1,"featured_media":273,"comment_status":"closed","ping_status":"open","sticky":false,"template":"","format":"standard","meta":{"footnotes":""},"categories":[12],"tags":[],"class_list":["post-274","post","type-post","status-publish","format-standard","has-post-thumbnail","hentry","category-les-evenements"],"_links":{"self":[{"href":"https:\/\/leschouxlents.potager.org\/index.php\/wp-json\/wp\/v2\/posts\/274","targetHints":{"allow":["GET"]}}],"collection":[{"href":"https:\/\/leschouxlents.potager.org\/index.php\/wp-json\/wp\/v2\/posts"}],"about":[{"href":"https:\/\/leschouxlents.potager.org\/index.php\/wp-json\/wp\/v2\/types\/post"}],"author":[{"embeddable":true,"href":"https:\/\/leschouxlents.potager.org\/index.php\/wp-json\/wp\/v2\/users\/1"}],"replies":[{"embeddable":true,"href":"https:\/\/leschouxlents.potager.org\/index.php\/wp-json\/wp\/v2\/comments?post=274"}],"version-history":[{"count":0,"href":"https:\/\/leschouxlents.potager.org\/index.php\/wp-json\/wp\/v2\/posts\/274\/revisions"}],"wp:featuredmedia":[{"embeddable":true,"href":"https:\/\/leschouxlents.potager.org\/index.php\/wp-json\/wp\/v2\/media\/273"}],"wp:attachment":[{"href":"https:\/\/leschouxlents.potager.org\/index.php\/wp-json\/wp\/v2\/media?parent=274"}],"wp:term":[{"taxonomy":"category","embeddable":true,"href":"https:\/\/leschouxlents.potager.org\/index.php\/wp-json\/wp\/v2\/categories?post=274"},{"taxonomy":"post_tag","embeddable":true,"href":"https:\/\/leschouxlents.potager.org\/index.php\/wp-json\/wp\/v2\/tags?post=274"}],"curies":[{"name":"wp","href":"https:\/\/api.w.org\/{rel}","templated":true}]}}