{"id":276,"date":"2016-09-11T22:15:12","date_gmt":"2016-09-11T22:15:12","guid":{"rendered":"https:\/\/leschouxlents.potager.org\/wordpress\/index.php\/2016\/09\/11\/journees-europeennes-du-patrimoine\/"},"modified":"2016-09-11T22:15:12","modified_gmt":"2016-09-11T22:15:12","slug":"journees-europeennes-du-patrimoine","status":"publish","type":"post","link":"https:\/\/leschouxlents.potager.org\/index.php\/2016\/09\/11\/journees-europeennes-du-patrimoine\/","title":{"rendered":"Journ\u00e9es Europ\u00e9ennes du Patrimoine"},"content":{"rendered":"<p>Cette ann\u00e9e encore, les Choux Lents ouvrent leurs portes \u00e0 l&#8217;occasion des Journ\u00e9es du patrimoine.<\/p>\n<p>L&#8217;an pass\u00e9, le th\u00e8me \u00e9tait l&#8217;habitat de demain, nous \u00e9tions honor\u00e9s !<br \/>\n<br \/>Cette ann\u00e9e, c&#8217;est l&#8217;\u00e9co-citoyennet\u00e9, n&#8217;en jetez plus !<br \/>\n<br \/>Qu&#8217;inventeront-ils l&#8217;an prochain pour que notre modeste habitat group\u00e9 fasse ainsi d\u00e9j\u00e0 et encore partie du &#8220;patrimoine&#8221; ?<\/p>\n<p>Grand jeu concours, un jour de travaux \u00e0 gagner, <a href=\" les-choux-lents@potager.org\">vous avez des id\u00e9es ? <\/a><\/p>\n<p>Enfin, pour cette ann\u00e9e, ce sra<\/p>\n<h2>le dimanche 18 septembre de 10h \u00e0 16h<\/h2>\n<p><strong>Au programme :<\/strong><br \/>\n&#8211; 10h-12h et 14h-16h : visites guid\u00e9es<br \/>\n&#8211; 12h-14h : repas partag\u00e9 que nous esp\u00e9rons, l&#8217;\u00e9t\u00e9 se prolongeant,  dans notre cour<br \/>\n&#8211; Ainsi qu&#8217;une visite sp\u00e9ciale (places limit\u00e9es, <a href=\" les-choux-lents@potager.org\">r\u00e9servation obligatoire <\/a>) : 10h-11h, visite des Choux Lents par Margot, 3 ans.<\/p>\n","protected":false},"excerpt":{"rendered":"<p>Cette ann\u00e9e encore, les Choux Lents ouvrent leurs portes \u00e0 l&#8217;occasion des Journ\u00e9es du patrimoine. L&#8217;an pass\u00e9, le th\u00e8me \u00e9tait l&#8217;habitat de demain, nous \u00e9tions honor\u00e9s ! Cette ann\u00e9e, c&#8217;est l&#8217;\u00e9co-citoyennet\u00e9, n&#8217;en jetez plus ! Qu&#8217;inventeront-ils l&#8217;an prochain pour que notre modeste habitat group\u00e9 fasse ainsi d\u00e9j\u00e0 et encore partie du &#8220;patrimoine&#8221; ? Grand jeu &#8230; <a title=\"Journ\u00e9es Europ\u00e9ennes du Patrimoine\" class=\"read-more\" href=\"https:\/\/leschouxlents.potager.org\/index.php\/2016\/09\/11\/journees-europeennes-du-patrimoine\/\" aria-label=\"Read more about Journ\u00e9es Europ\u00e9ennes du Patrimoine\">Read more<\/a><\/p>\n","protected":false},"author":1,"featured_media":0,"comment_status":"closed","ping_status":"open","sticky":false,"template":"","format":"standard","meta":{"footnotes":""},"categories":[12],"tags":[],"class_list":["post-276","post","type-post","status-publish","format-standard","hentry","category-les-evenements"],"_links":{"self":[{"href":"https:\/\/leschouxlents.potager.org\/index.php\/wp-json\/wp\/v2\/posts\/276","targetHints":{"allow":["GET"]}}],"collection":[{"href":"https:\/\/leschouxlents.potager.org\/index.php\/wp-json\/wp\/v2\/posts"}],"about":[{"href":"https:\/\/leschouxlents.potager.org\/index.php\/wp-json\/wp\/v2\/types\/post"}],"author":[{"embeddable":true,"href":"https:\/\/leschouxlents.potager.org\/index.php\/wp-json\/wp\/v2\/users\/1"}],"replies":[{"embeddable":true,"href":"https:\/\/leschouxlents.potager.org\/index.php\/wp-json\/wp\/v2\/comments?post=276"}],"version-history":[{"count":0,"href":"https:\/\/leschouxlents.potager.org\/index.php\/wp-json\/wp\/v2\/posts\/276\/revisions"}],"wp:attachment":[{"href":"https:\/\/leschouxlents.potager.org\/index.php\/wp-json\/wp\/v2\/media?parent=276"}],"wp:term":[{"taxonomy":"category","embeddable":true,"href":"https:\/\/leschouxlents.potager.org\/index.php\/wp-json\/wp\/v2\/categories?post=276"},{"taxonomy":"post_tag","embeddable":true,"href":"https:\/\/leschouxlents.potager.org\/index.php\/wp-json\/wp\/v2\/tags?post=276"}],"curies":[{"name":"wp","href":"https:\/\/api.w.org\/{rel}","templated":true}]}}