{"id":281,"date":"2016-10-10T22:19:04","date_gmt":"2016-10-10T22:19:04","guid":{"rendered":"https:\/\/leschouxlents.potager.org\/wordpress\/index.php\/2016\/10\/10\/les-esprits-de-la-nature\/"},"modified":"2016-10-10T22:19:04","modified_gmt":"2016-10-10T22:19:04","slug":"les-esprits-de-la-nature","status":"publish","type":"post","link":"https:\/\/leschouxlents.potager.org\/index.php\/2016\/10\/10\/les-esprits-de-la-nature\/","title":{"rendered":"Les esprits de la nature"},"content":{"rendered":"<p>A l&#8217;occasion de <a href=\" article258\">leur prochain chantier participatif <\/a>, les Choux Lents vous convient \u00e0 un concert avec<br \/>\n[|<img loading=\"lazy\" decoding=\"async\" class=\" aligncenter size-full wp-image-280\" src=\"http:\/\/leschouxlents.potager.org\/uploads\/2016\/10\/esprit_de_la_nature_-_roots_bohemien-2.jpg\" alt=\"esprit_de_la_nature_-_roots_bohemien-2.jpg\" data-description=\"Les esprits de la nature\" align=\"center\" width=\"800\" height=\"362\" srcset=\"https:\/\/leschouxlents.potager.org\/uploads\/2016\/10\/esprit_de_la_nature_-_roots_bohemien-2.jpg 800w, https:\/\/leschouxlents.potager.org\/uploads\/2016\/10\/esprit_de_la_nature_-_roots_bohemien-2-300x136.jpg 300w, https:\/\/leschouxlents.potager.org\/uploads\/2016\/10\/esprit_de_la_nature_-_roots_bohemien-2-768x348.jpg 768w\" sizes=\"auto, (max-width: 800px) 100vw, 800px\" \/>|]<\/p>\n<p>\u00abUne musique festive, joyeuse, avec des textes pleins d&#8217;espoir qui se veulent \u00eatre une c\u00e9l\u00e9bration \u00e0 la terre et au lien entre les hommes<br \/>\n<br \/>2 guitares, 2 voix, un violon, une contrebasse handmade, et une percu.\u00bb<\/p>\n<p><em>rdv aux Choux Lents<br \/>\n<br \/>19h30  Repas&#038;Buvette partag\u00e9s : chacun am\u00e8ne ses sp\u00e9cialit\u00e9s<br \/>\n<br \/>20h30 concert<br \/>\n<br \/>Entr\u00e9e libre &#8211; participation au chapeau<\/em><\/p>\n","protected":false},"excerpt":{"rendered":"<p>A l&#8217;occasion de leur prochain chantier participatif , les Choux Lents vous convient \u00e0 un concert avec [||] \u00abUne musique festive, joyeuse, avec des textes pleins d&#8217;espoir qui se veulent \u00eatre une c\u00e9l\u00e9bration \u00e0 la terre et au lien entre les hommes 2 guitares, 2 voix, un violon, une contrebasse handmade, et une percu.\u00bb rdv &#8230; <a title=\"Les esprits de la nature\" class=\"read-more\" href=\"https:\/\/leschouxlents.potager.org\/index.php\/2016\/10\/10\/les-esprits-de-la-nature\/\" aria-label=\"Read more about Les esprits de la nature\">Read more<\/a><\/p>\n","protected":false},"author":1,"featured_media":280,"comment_status":"closed","ping_status":"open","sticky":false,"template":"","format":"standard","meta":{"footnotes":""},"categories":[12],"tags":[],"class_list":["post-281","post","type-post","status-publish","format-standard","has-post-thumbnail","hentry","category-les-evenements"],"_links":{"self":[{"href":"https:\/\/leschouxlents.potager.org\/index.php\/wp-json\/wp\/v2\/posts\/281","targetHints":{"allow":["GET"]}}],"collection":[{"href":"https:\/\/leschouxlents.potager.org\/index.php\/wp-json\/wp\/v2\/posts"}],"about":[{"href":"https:\/\/leschouxlents.potager.org\/index.php\/wp-json\/wp\/v2\/types\/post"}],"author":[{"embeddable":true,"href":"https:\/\/leschouxlents.potager.org\/index.php\/wp-json\/wp\/v2\/users\/1"}],"replies":[{"embeddable":true,"href":"https:\/\/leschouxlents.potager.org\/index.php\/wp-json\/wp\/v2\/comments?post=281"}],"version-history":[{"count":0,"href":"https:\/\/leschouxlents.potager.org\/index.php\/wp-json\/wp\/v2\/posts\/281\/revisions"}],"wp:featuredmedia":[{"embeddable":true,"href":"https:\/\/leschouxlents.potager.org\/index.php\/wp-json\/wp\/v2\/media\/280"}],"wp:attachment":[{"href":"https:\/\/leschouxlents.potager.org\/index.php\/wp-json\/wp\/v2\/media?parent=281"}],"wp:term":[{"taxonomy":"category","embeddable":true,"href":"https:\/\/leschouxlents.potager.org\/index.php\/wp-json\/wp\/v2\/categories?post=281"},{"taxonomy":"post_tag","embeddable":true,"href":"https:\/\/leschouxlents.potager.org\/index.php\/wp-json\/wp\/v2\/tags?post=281"}],"curies":[{"name":"wp","href":"https:\/\/api.w.org\/{rel}","templated":true}]}}