{"id":284,"date":"2017-01-06T14:17:24","date_gmt":"2017-01-06T14:17:24","guid":{"rendered":"https:\/\/leschouxlents.potager.org\/wordpress\/index.php\/2017\/01\/06\/quest-ce-quon-attend\/"},"modified":"2017-01-06T14:17:24","modified_gmt":"2017-01-06T14:17:24","slug":"quest-ce-quon-attend","status":"publish","type":"post","link":"https:\/\/leschouxlents.potager.org\/index.php\/2017\/01\/06\/quest-ce-quon-attend\/","title":{"rendered":"Qu&#8217;est ce qu&#8217;on attend ?"},"content":{"rendered":"<p>Un collectif d&#8217;habitants du Val de Sa\u00f4ne*<br \/>\nvous convient \u00e0 une soir\u00e9e projection-d\u00e9bat<br \/>\n [| <a href=\" http:\/\/www.m2rfilms.com\/qu-est-ce-qu-on-attend\"><img loading=\"lazy\" decoding=\"async\" class=\" aligncenter size-full wp-image-282\" src=\"http:\/\/leschouxlents.potager.org\/uploads\/2017\/01\/qqa-bandeau-titreseulement.jpg\" alt=\"qqa-bandeau-titreseulement.jpg\" align=\"center\" width=\"744\" height=\"287\" srcset=\"https:\/\/leschouxlents.potager.org\/uploads\/2017\/01\/qqa-bandeau-titreseulement.jpg 744w, https:\/\/leschouxlents.potager.org\/uploads\/2017\/01\/qqa-bandeau-titreseulement-300x116.jpg 300w\" sizes=\"auto, (max-width: 744px) 100vw, 744px\" \/><\/a><\/p>\n<h2>Vendredi 20 janvier 2017 \u00e0 20h<\/h2>\n<h3>au Cin\u00e9ma Rex de Neuville sur Sa\u00f4ne **<\/h3>\n<p>|]<\/p>\n<p>\u00ab Qui croirait qu\u2019une commune fran\u00e7aise est la championne mondiale de la transition vers l\u2019apr\u00e8s-p\u00e9trole ? C\u2019est pourtant Rob Hopkins, fondateur du mouvement des villes en transition, qui le dit.<br \/>\nQu\u2019est-ce qu\u2019on attend ? raconte les multiples initiatives qui ont permis \u00e0 Ungersheim \u2013petite ville alsacienne de 2 200 habitants\u2013 de r\u00e9duire sensiblement son empreinte \u00e9cologique. \u00bb<\/p>\n<p><em> Billetterie exclusivement <a href=\" http:\/\/tiny.cc\/qu-est-ce-qu-on-attend\">par internet <\/a> jusqu&#8217;au mardi 17 janvier minuit<br \/>\n<br \/>puis au guichet du cin\u00e9ma \u00e0 partir du mercredi 18 janvier<br \/>\n<br \/>Tarif unique : 6 euros<\/em><\/p>\n<p>* avec le soutien de l&#8217;Habitat interg\u00e9n\u00e9rationnel solidaire <a href=\" http:\/\/chersvoisinslesplatanes.fr\/\">Chers Voisins Les Platanes <\/a>, <a href=\" http:\/\/colibris-wiki.org\/69lyon\/wakka.php?wiki=PagePrincipale\">Les Colibris <\/a>, <a href=\" http:\/\/www.seldescabornes.org\/\">le SEL des Cabornes  <\/a>, l&#8217;AMAP <a href=\" http:\/\/www.amap-thouamaporte.fr\/\">thouamaporte <\/a>  et&#8230; les Choux Lents !<\/p>\n<p>** Organisation de covoiturage <a href=\" http:\/\/www.togetzer.com\/index.php?view=organiser&#038;idtf=2446&#038;msg=voitureAjoute\">ici <\/a><\/p>\n<hr \/>\n<p> [| <\/p>\n<h3>Un souvenir de la soir\u00e9e&#8230;<\/h3>\n<p><img loading=\"lazy\" decoding=\"async\" class=\" aligncenter size-full wp-image-283\" src=\"http:\/\/leschouxlents.potager.org\/uploads\/2017\/01\/projectionphoto.jpg\" alt=\"projectionphoto.jpg\" align=\"center\" width=\"316\" height=\"240\" srcset=\"https:\/\/leschouxlents.potager.org\/uploads\/2017\/01\/projectionphoto.jpg 316w, https:\/\/leschouxlents.potager.org\/uploads\/2017\/01\/projectionphoto-300x228.jpg 300w\" sizes=\"auto, (max-width: 316px) 100vw, 316px\" \/><\/p>\n<p>\u00ab C&#8217;est la premi\u00e8re fois en 40 ans qu&#8217;on a des v\u00e9los sur la sc\u00e8ne du Rex !\u00bb<br \/>\n|]<\/p>\n","protected":false},"excerpt":{"rendered":"<p>Un collectif d&#8217;habitants du Val de Sa\u00f4ne* vous convient \u00e0 une soir\u00e9e projection-d\u00e9bat [| Vendredi 20 janvier 2017 \u00e0 20h au Cin\u00e9ma Rex de Neuville sur Sa\u00f4ne ** |] \u00ab Qui croirait qu\u2019une commune fran\u00e7aise est la championne mondiale de la transition vers l\u2019apr\u00e8s-p\u00e9trole ? C\u2019est pourtant Rob Hopkins, fondateur du mouvement des villes en &#8230; <a title=\"Qu&#8217;est ce qu&#8217;on attend ?\" class=\"read-more\" href=\"https:\/\/leschouxlents.potager.org\/index.php\/2017\/01\/06\/quest-ce-quon-attend\/\" aria-label=\"Read more about Qu&#8217;est ce qu&#8217;on attend ?\">Read more<\/a><\/p>\n","protected":false},"author":1,"featured_media":282,"comment_status":"closed","ping_status":"open","sticky":false,"template":"","format":"standard","meta":{"footnotes":""},"categories":[12],"tags":[],"class_list":["post-284","post","type-post","status-publish","format-standard","has-post-thumbnail","hentry","category-les-evenements"],"_links":{"self":[{"href":"https:\/\/leschouxlents.potager.org\/index.php\/wp-json\/wp\/v2\/posts\/284","targetHints":{"allow":["GET"]}}],"collection":[{"href":"https:\/\/leschouxlents.potager.org\/index.php\/wp-json\/wp\/v2\/posts"}],"about":[{"href":"https:\/\/leschouxlents.potager.org\/index.php\/wp-json\/wp\/v2\/types\/post"}],"author":[{"embeddable":true,"href":"https:\/\/leschouxlents.potager.org\/index.php\/wp-json\/wp\/v2\/users\/1"}],"replies":[{"embeddable":true,"href":"https:\/\/leschouxlents.potager.org\/index.php\/wp-json\/wp\/v2\/comments?post=284"}],"version-history":[{"count":0,"href":"https:\/\/leschouxlents.potager.org\/index.php\/wp-json\/wp\/v2\/posts\/284\/revisions"}],"wp:featuredmedia":[{"embeddable":true,"href":"https:\/\/leschouxlents.potager.org\/index.php\/wp-json\/wp\/v2\/media\/282"}],"wp:attachment":[{"href":"https:\/\/leschouxlents.potager.org\/index.php\/wp-json\/wp\/v2\/media?parent=284"}],"wp:term":[{"taxonomy":"category","embeddable":true,"href":"https:\/\/leschouxlents.potager.org\/index.php\/wp-json\/wp\/v2\/categories?post=284"},{"taxonomy":"post_tag","embeddable":true,"href":"https:\/\/leschouxlents.potager.org\/index.php\/wp-json\/wp\/v2\/tags?post=284"}],"curies":[{"name":"wp","href":"https:\/\/api.w.org\/{rel}","templated":true}]}}