{"id":285,"date":"2017-01-14T19:12:02","date_gmt":"2017-01-14T19:12:02","guid":{"rendered":"https:\/\/leschouxlents.potager.org\/wordpress\/index.php\/2017\/01\/14\/stage-de-chant-aux-choux-lents\/"},"modified":"2017-01-14T19:12:02","modified_gmt":"2017-01-14T19:12:02","slug":"stage-de-chant-aux-choux-lents","status":"publish","type":"post","link":"https:\/\/leschouxlents.potager.org\/index.php\/2017\/01\/14\/stage-de-chant-aux-choux-lents\/","title":{"rendered":"Stage de chant aux choux lents"},"content":{"rendered":"<p>Aux Choux Lents, on ne fait pas que <a href=\" rubrique31\">du chantier <\/a>, on chante aussi !<\/p>\n<p>Les Choux Lents vous proposent un stage de chant, anim\u00e9 par Maude George*.<\/p>\n<h3>Objectifs<\/h3>\n<p>&#8211; Exp\u00e9rimenter, explorer ses possibilit\u00e9s vocales<br \/>\n&#8211; Appr\u00e9hender sa voix dans le groupe<br \/>\n&#8211; M\u00ealer chant et mouvements<br \/>\n&#8211; Se faire plaisir<\/p>\n<h3>M\u00e9thodes<\/h3>\n<p>Technique m\u00ealant les outils du chant lyrique, de la chanson traditionnelle, de la m\u00e9thode Jacques Dalcroze et du soundpainting.<\/p>\n<h3>D\u00e9roulement<\/h3>\n<p>10h-11h30\/11h45-13h<br \/>\n<br \/>Repas partag\u00e9<br \/>\n<br \/>15h-16h30\/16h45-18h<\/p>\n<p>&#8211; \u00c9chauffement physique et vocal (initiation technique pour se casser la voix le moins vite possible et chanter fort sans micro)<br \/>\n&#8211; Apprentissage d\u2019un canon<br \/>\n&#8211; Travail de deux pi\u00e8ces polyphoniques issues du r\u00e9pertoire traditionnel \u00e0 danser (et des danses qui vont avec\u2026)<br \/>\n&#8211; Jeux vocaux<\/p>\n<h3>Inscriptions <\/h3>\n<p>Suivez le <a href=\"https:\/\/www.helloasso.com\/associations\/les-choux-lents\/evenements\/stage-de-chant\">lien<\/a>&#8230;<\/p>\n<h3> * Quelques mots sur l&#8217;animatrice du stage<\/h3>\n<p>C\u2019est par le biais de la danse et du saxophone jazz que Maude Georges a commenc\u00e9 la musique d\u00e8s le plus jeune \u00e2ge. Elle a d\u00e9couvert la richesse de la voix \u00e0 la Maitrise du Conseil G\u00e9n\u00e9ral de la Loire (CGL). Ayant exp\u00e9riment\u00e9 divers instruments et la direction de ch\u0153ur pendant sa scolarit\u00e9, elle entame en 2009 ses \u00e9tudes \u00e0 l\u2019ENM de Villeurbanne en parall\u00e8le d\u2019une licence de musicologie \u00e0 l\u2019universit\u00e9 Lumi\u00e8re Lyon 2. Elle profite d\u2019une ann\u00e9e d\u2019Erasmus \u00e0 Berlin pour faire plusieurs stages de direction aupr\u00e8s de ch\u0153urs amateurs et professionnels (Vocal Consort, RIAS Kammer-Chor).<\/p>\n<p>De retour en France, elle termine un master de recherche en musicologie sur la musique \u00e0 danser en France, se confronte \u00e0 diff\u00e9rents milieux professionnels (ch\u0153ur de l&#8217;op\u00e9ra de Lyon et de Dijon, maitrise du CGL, maitrise du CNR de Lyon, administration de ch\u0153ur \u00e0 la HU zu Berlin,\u2026) et int\u00e8gre le conservatoire en chant. Elle se perfectionne dans la classe de direction de ch\u0153ur sp\u00e9cialis\u00e9e \u00e0 la Haute Ecole de Musique de Gen\u00e8ve avec Celso Antunes.<\/p>\n<p>Elle est aujourd\u2019hui directrice artistique et chef de ch\u0153ur des Dames de Ch\u0153ur (Gen\u00e8ve), des Phonies Polies (Lyon), du Ch\u0153ur d\u2019Hommes de Lyon, et du Ch\u0153ur de Curis. Elle dirige par ailleurs la troupe lyrique professionnelle des Dindes Galantes. Elle intervient aupr\u00e8s d\u2019\u00e9l\u00e8ves ma\u00eetrisiens de la r\u00e9gion Rh\u00f4ne-Alpes.<\/p>\n","protected":false},"excerpt":{"rendered":"<p>Aux Choux Lents, on ne fait pas que du chantier , on chante aussi ! Les Choux Lents vous proposent un stage de chant, anim\u00e9 par Maude George*. Objectifs &#8211; Exp\u00e9rimenter, explorer ses possibilit\u00e9s vocales &#8211; Appr\u00e9hender sa voix dans le groupe &#8211; M\u00ealer chant et mouvements &#8211; Se faire plaisir M\u00e9thodes Technique m\u00ealant les &#8230; <a title=\"Stage de chant aux choux lents\" class=\"read-more\" href=\"https:\/\/leschouxlents.potager.org\/index.php\/2017\/01\/14\/stage-de-chant-aux-choux-lents\/\" aria-label=\"Read more about Stage de chant aux choux lents\">Read more<\/a><\/p>\n","protected":false},"author":1,"featured_media":0,"comment_status":"closed","ping_status":"open","sticky":false,"template":"","format":"standard","meta":{"footnotes":""},"categories":[12],"tags":[],"class_list":["post-285","post","type-post","status-publish","format-standard","hentry","category-les-evenements"],"_links":{"self":[{"href":"https:\/\/leschouxlents.potager.org\/index.php\/wp-json\/wp\/v2\/posts\/285","targetHints":{"allow":["GET"]}}],"collection":[{"href":"https:\/\/leschouxlents.potager.org\/index.php\/wp-json\/wp\/v2\/posts"}],"about":[{"href":"https:\/\/leschouxlents.potager.org\/index.php\/wp-json\/wp\/v2\/types\/post"}],"author":[{"embeddable":true,"href":"https:\/\/leschouxlents.potager.org\/index.php\/wp-json\/wp\/v2\/users\/1"}],"replies":[{"embeddable":true,"href":"https:\/\/leschouxlents.potager.org\/index.php\/wp-json\/wp\/v2\/comments?post=285"}],"version-history":[{"count":0,"href":"https:\/\/leschouxlents.potager.org\/index.php\/wp-json\/wp\/v2\/posts\/285\/revisions"}],"wp:attachment":[{"href":"https:\/\/leschouxlents.potager.org\/index.php\/wp-json\/wp\/v2\/media?parent=285"}],"wp:term":[{"taxonomy":"category","embeddable":true,"href":"https:\/\/leschouxlents.potager.org\/index.php\/wp-json\/wp\/v2\/categories?post=285"},{"taxonomy":"post_tag","embeddable":true,"href":"https:\/\/leschouxlents.potager.org\/index.php\/wp-json\/wp\/v2\/tags?post=285"}],"curies":[{"name":"wp","href":"https:\/\/api.w.org\/{rel}","templated":true}]}}