{"id":288,"date":"2017-02-09T21:40:50","date_gmt":"2017-02-09T21:40:50","guid":{"rendered":"https:\/\/leschouxlents.potager.org\/wordpress\/index.php\/2017\/02\/09\/chantier-de-fevrier\/"},"modified":"2017-02-09T21:40:50","modified_gmt":"2017-02-09T21:40:50","slug":"chantier-de-fevrier","status":"publish","type":"post","link":"https:\/\/leschouxlents.potager.org\/index.php\/2017\/02\/09\/chantier-de-fevrier\/","title":{"rendered":"Chantier de f\u00e9vrier"},"content":{"rendered":"<p>Nous vous invitons \u00e0 notre prochain chantier participatif, <strong>du jeudi 23 au dimanche 26 f\u00e9vrier<\/strong>.<\/p>\n<p>Au menu pour ce chantier :<\/p>\n<ul>\n<li>     isolation int\u00e9rieure<\/li>\n<li>     faux plafond avec isolation accoustique<\/li>\n<li>     construction et pose d&#8217;une cuisine<\/li>\n<li>     assainissement et am\u00e9nagement du cellier (dalle et murs chaux + menuiserie)<\/li>\n<\/ul>\n<p>avec une touche de plomberie, un zest d&#8217;\u00e9lectricit\u00e9, une pinc\u00e9e de  huilage, quelques plinthes (et non plaintes)&#8230;<br \/>\net, toujours sur notre todo-list (ou plutot notre liste-\u00e0-faire)  :<\/p>\n<ul>\n<li>     conception et r\u00e9alisation de bacs de compost<\/li>\n<li>     le molkky des Choux Lents !<\/li>\n<\/ul>\n<p>Ces t\u00e2ches pr\u00e9visionnelles sont susceptibles d&#8217;\u00eatre modifi\u00e9es. Si vous \u00eates int\u00e9ress\u00e9.e.s sp\u00e9cifiquement par une t\u00e2che, n&#8217;h\u00e9sitez pas \u00e0 nous faire des demandes (et nous donner vos dispo), on s&#8217;organisera au mieux.<\/p>\n<p><strong>Attention, 2 points importants :<\/strong><\/p>\n<ul>\n<li>     comme pour chaque chantier, nous vous programmons aussi un \u00e9v\u00e9nement festif. Cette fois-ci, ce sera un concert de jazz piano-voix (samedi 25, invitation d\u00e9taill\u00e9e \u00e0 venir)<\/li>\n<li>     Vous \u00eates \u00e0 chaque fois plus nombreux.ses \u00e0 venir g\u00e9n\u00e9reusement nous aider&#8230; nous pousserons les murs tant que nous pourrons mais, en cas de brocolite aig\u00dbe, nous privil\u00e9gierons celles et ceux qui restent plusieurs jours. Dans tous les cas, vous \u00eates les bienvenu.es au concert !<\/li>\n<\/ul>\n<p>[|<img loading=\"lazy\" decoding=\"async\" class=\" size-full wp-image-287\" src=\"http:\/\/leschouxlents.potager.org\/uploads\/2017\/02\/dscn0130_.jpg\" alt=\"dscn0130_.jpg\" width=\"640\" height=\"480\" srcset=\"https:\/\/leschouxlents.potager.org\/uploads\/2017\/02\/dscn0130_.jpg 640w, https:\/\/leschouxlents.potager.org\/uploads\/2017\/02\/dscn0130_-300x225.jpg 300w\" sizes=\"auto, (max-width: 640px) 100vw, 640px\" \/>|]<\/p>\n<p>Le matin, rendez-vous d\u00e8s 9h pour le caf\u00e9 et le brief du chantier du jour.<br \/>\nN&#8217;h\u00e9sitez pas \u00e0 m&#8217;appeler pour toute question, et merci de me confirmer vos pr\u00e9sences ! (choux.lents@potager.org \/ 06 52 83 04 90)<\/p>\n<p>Comme d&#8217;habitude, 2 mots sur le chantier : bonne humeur, entraide, on apprend en faisant. Chacun.e est libre de faire des pauses.  Bien \u00e9videmment vos repas (bonnes bouffes bio \u00e0 tendances v\u00e9g\u00e9tariennes) et nuit\u00e9es vous sont chaleureusement offerts (dans la limite des places disponibles).<\/p>\n<p><strong>Questions\/infos\/inscriptions&#8230;<\/strong><br \/>\n<br \/>Olivier<br \/>\n<br \/>les-choux-lents@potager.org<br \/>\n<br \/>portable : 06 52 83 04 90 \/ fixe : 09 50 29 54 39<\/p>\n","protected":false},"excerpt":{"rendered":"<p>Nous vous invitons \u00e0 notre prochain chantier participatif, du jeudi 23 au dimanche 26 f\u00e9vrier. Au menu pour ce chantier : isolation int\u00e9rieure faux plafond avec isolation accoustique construction et pose d&#8217;une cuisine assainissement et am\u00e9nagement du cellier (dalle et murs chaux + menuiserie) avec une touche de plomberie, un zest d&#8217;\u00e9lectricit\u00e9, une pinc\u00e9e de &#8230; <a title=\"Chantier de f\u00e9vrier\" class=\"read-more\" href=\"https:\/\/leschouxlents.potager.org\/index.php\/2017\/02\/09\/chantier-de-fevrier\/\" aria-label=\"Read more about Chantier de f\u00e9vrier\">Read more<\/a><\/p>\n","protected":false},"author":1,"featured_media":287,"comment_status":"closed","ping_status":"open","sticky":false,"template":"","format":"standard","meta":{"footnotes":""},"categories":[11],"tags":[],"class_list":["post-288","post","type-post","status-publish","format-standard","has-post-thumbnail","hentry","category-les-chantiers"],"_links":{"self":[{"href":"https:\/\/leschouxlents.potager.org\/index.php\/wp-json\/wp\/v2\/posts\/288","targetHints":{"allow":["GET"]}}],"collection":[{"href":"https:\/\/leschouxlents.potager.org\/index.php\/wp-json\/wp\/v2\/posts"}],"about":[{"href":"https:\/\/leschouxlents.potager.org\/index.php\/wp-json\/wp\/v2\/types\/post"}],"author":[{"embeddable":true,"href":"https:\/\/leschouxlents.potager.org\/index.php\/wp-json\/wp\/v2\/users\/1"}],"replies":[{"embeddable":true,"href":"https:\/\/leschouxlents.potager.org\/index.php\/wp-json\/wp\/v2\/comments?post=288"}],"version-history":[{"count":0,"href":"https:\/\/leschouxlents.potager.org\/index.php\/wp-json\/wp\/v2\/posts\/288\/revisions"}],"wp:featuredmedia":[{"embeddable":true,"href":"https:\/\/leschouxlents.potager.org\/index.php\/wp-json\/wp\/v2\/media\/287"}],"wp:attachment":[{"href":"https:\/\/leschouxlents.potager.org\/index.php\/wp-json\/wp\/v2\/media?parent=288"}],"wp:term":[{"taxonomy":"category","embeddable":true,"href":"https:\/\/leschouxlents.potager.org\/index.php\/wp-json\/wp\/v2\/categories?post=288"},{"taxonomy":"post_tag","embeddable":true,"href":"https:\/\/leschouxlents.potager.org\/index.php\/wp-json\/wp\/v2\/tags?post=288"}],"curies":[{"name":"wp","href":"https:\/\/api.w.org\/{rel}","templated":true}]}}