{"id":290,"date":"2017-02-15T11:11:11","date_gmt":"2017-02-15T11:11:11","guid":{"rendered":"https:\/\/leschouxlents.potager.org\/wordpress\/index.php\/2017\/02\/15\/concert-de-jazz\/"},"modified":"2017-02-15T11:11:11","modified_gmt":"2017-02-15T11:11:11","slug":"concert-de-jazz","status":"publish","type":"post","link":"https:\/\/leschouxlents.potager.org\/index.php\/2017\/02\/15\/concert-de-jazz\/","title":{"rendered":"Concert de Jazz"},"content":{"rendered":"<p>A l&#8217;occasion de <a href=\" article264\">leur chantier participatif de f\u00e9vrier <\/a>, les Choux Lents vous invitent \u00e0 leur prochain \u00e9v\u00e9nement culturel :<\/p>\n<p>[|<\/p>\n<h2>\u00ab Jazz Songs \u00e0 Saint Germain \u00bb <\/h2>\n<p>avec Sylva L et Fred G <\/p>\n<p><img loading=\"lazy\" decoding=\"async\" class=\" aligncenter size-full wp-image-289\" src=\"http:\/\/leschouxlents.potager.org\/uploads\/2017\/02\/sylva_l_sans_texte.jpg\" alt=\"sylva_l_sans_texte.jpg\" align=\"center\" width=\"480\" height=\"480\" srcset=\"https:\/\/leschouxlents.potager.org\/uploads\/2017\/02\/sylva_l_sans_texte.jpg 480w, https:\/\/leschouxlents.potager.org\/uploads\/2017\/02\/sylva_l_sans_texte-300x300.jpg 300w, https:\/\/leschouxlents.potager.org\/uploads\/2017\/02\/sylva_l_sans_texte-150x150.jpg 150w\" sizes=\"auto, (max-width: 480px) 100vw, 480px\" \/><br \/>\n|]<br \/>\nSylva L et Fred G se rencontrent dans les ateliers Jazz de l\u2019ENM de Villeurbanne. Quelques ann\u00e9es plus tard, ils se croisent dans leur quartier, l\u2019id\u00e9e d\u2019un duo local est n\u00e9, avec comme ingr\u00e9dients : un piano, une voix, une esth\u00e9tique Jazz et une envie de raconter des histoires \u00e9mouvantes ou dr\u00f4les . Autour d\u2019un r\u00e9pertoire de chansons pop et de standards de jazz, ils entament une tourn\u00e9e en circuit court o\u00f9 les contacts de proximit\u00e9 les m\u00e8nent jusqu\u2019\u00e0 Saint Germain.<\/p>\n<p><em>rdv aux Choux Lents<br \/>\n<br \/>19 avenue de la r\u00e9sistance &#8211; 69650 Saint-Germain au mont d&#8217;or<br \/>\n<br \/>19h30  Repas&#038;Buvette partag\u00e9s : chacun am\u00e8ne ses sp\u00e9cialit\u00e9s<br \/>\n<br \/>20h30 concert<br \/>\n<br \/>Entr\u00e9e libre &#8211; participation au chapeau<br \/>\n<br \/><strong>Places limit\u00e9es, r\u00e9servation obligatoire<\/strong><br \/>\n<br \/><a href=\" les-choux-lents@potager.org\"> les-choux-lents@potager.org<\/a> \/ 06 52 83 04 90 <\/em> <\/p>\n","protected":false},"excerpt":{"rendered":"<p>A l&#8217;occasion de leur chantier participatif de f\u00e9vrier , les Choux Lents vous invitent \u00e0 leur prochain \u00e9v\u00e9nement culturel : [| \u00ab Jazz Songs \u00e0 Saint Germain \u00bb avec Sylva L et Fred G |] Sylva L et Fred G se rencontrent dans les ateliers Jazz de l\u2019ENM de Villeurbanne. Quelques ann\u00e9es plus tard, ils &#8230; <a title=\"Concert de Jazz\" class=\"read-more\" href=\"https:\/\/leschouxlents.potager.org\/index.php\/2017\/02\/15\/concert-de-jazz\/\" aria-label=\"Read more about Concert de Jazz\">Read more<\/a><\/p>\n","protected":false},"author":1,"featured_media":289,"comment_status":"closed","ping_status":"open","sticky":false,"template":"","format":"standard","meta":{"footnotes":""},"categories":[12],"tags":[],"class_list":["post-290","post","type-post","status-publish","format-standard","has-post-thumbnail","hentry","category-les-evenements"],"_links":{"self":[{"href":"https:\/\/leschouxlents.potager.org\/index.php\/wp-json\/wp\/v2\/posts\/290","targetHints":{"allow":["GET"]}}],"collection":[{"href":"https:\/\/leschouxlents.potager.org\/index.php\/wp-json\/wp\/v2\/posts"}],"about":[{"href":"https:\/\/leschouxlents.potager.org\/index.php\/wp-json\/wp\/v2\/types\/post"}],"author":[{"embeddable":true,"href":"https:\/\/leschouxlents.potager.org\/index.php\/wp-json\/wp\/v2\/users\/1"}],"replies":[{"embeddable":true,"href":"https:\/\/leschouxlents.potager.org\/index.php\/wp-json\/wp\/v2\/comments?post=290"}],"version-history":[{"count":0,"href":"https:\/\/leschouxlents.potager.org\/index.php\/wp-json\/wp\/v2\/posts\/290\/revisions"}],"wp:featuredmedia":[{"embeddable":true,"href":"https:\/\/leschouxlents.potager.org\/index.php\/wp-json\/wp\/v2\/media\/289"}],"wp:attachment":[{"href":"https:\/\/leschouxlents.potager.org\/index.php\/wp-json\/wp\/v2\/media?parent=290"}],"wp:term":[{"taxonomy":"category","embeddable":true,"href":"https:\/\/leschouxlents.potager.org\/index.php\/wp-json\/wp\/v2\/categories?post=290"},{"taxonomy":"post_tag","embeddable":true,"href":"https:\/\/leschouxlents.potager.org\/index.php\/wp-json\/wp\/v2\/tags?post=290"}],"curies":[{"name":"wp","href":"https:\/\/api.w.org\/{rel}","templated":true}]}}