{"id":292,"date":"2017-04-05T18:05:15","date_gmt":"2017-04-05T18:05:15","guid":{"rendered":"https:\/\/leschouxlents.potager.org\/wordpress\/index.php\/2017\/04\/05\/chantier-ite\/"},"modified":"2017-04-05T18:05:15","modified_gmt":"2017-04-05T18:05:15","slug":"chantier-ite","status":"publish","type":"post","link":"https:\/\/leschouxlents.potager.org\/index.php\/2017\/04\/05\/chantier-ite\/","title":{"rendered":"Chantier ITE"},"content":{"rendered":"<p> Nous vous invitons \u00e0 notre prochain chantier participatif du samedi 15 au dimanche 23 avril.<br \/>\n<br \/>Chantier tout particulier puisque nous y commencerons l&#8217;ITE (isolation thermique ext\u00e9rieure) de la grange !<\/p>\n<p>[|  <img loading=\"lazy\" decoding=\"async\" class=\" aligncenter size-full wp-image-291\" src=\"http:\/\/leschouxlents.potager.org\/uploads\/2017\/04\/facade_ouest.jpg\" alt=\"facade_ouest.jpg\" align=\"center\" width=\"692\" height=\"262\" srcset=\"https:\/\/leschouxlents.potager.org\/uploads\/2017\/04\/facade_ouest.jpg 692w, https:\/\/leschouxlents.potager.org\/uploads\/2017\/04\/facade_ouest-300x114.jpg 300w\" sizes=\"auto, (max-width: 692px) 100vw, 692px\" \/> |]<\/p>\n<p>Au programme :<br \/>\n&#8211; ITE donc de la fa\u00e7ade ouest : structure bois, panneaux souples 10cm puis rigide 6cm, puis enduits<br \/>\n&#8211; travaux G1 la suite, faux plafond, enduits, peinture, cuisine<br \/>\n&#8211; isolation phonique de la chambre d\u2019amis du M2<br \/>\n&#8211; notre nouveau compost, suite et fin : un petit chapeau !<\/p>\n<p><em>Le chantier ITE sera encadr\u00e9 par deux accompagnateurs\/formateurs, l&#8217;un pour la partie &#8220;bois&#8221; en d\u00e9but de semaine, l&#8217;autre pour la partie &#8220;enduits&#8221; le dernier week-end.<\/em><\/p>\n<p>Ces t\u00e2ches pr\u00e9visionnelles sont susceptibles d&#8217;\u00eatre modifi\u00e9es. Si vous \u00eates int\u00e9ress\u00e9.e.s sp\u00e9cifiquement par une t\u00e2che, n&#8217;h\u00e9sitez pas \u00e0 nous faire des demandes (et nous donner vos dispo), on s&#8217;organisera au mieux.<br \/>\nM\u00eame pour une apr\u00e8s-midi votre aide est la bienvenue !<\/p>\n<p>Le matin, rendez-vous d\u00e8s 9h pour le caf\u00e9 et le brief du chantier du jour.<br \/>\nN&#8217;h\u00e9sitez pas \u00e0 m&#8217;appeler pour toute question, et merci de me confirmer vos pr\u00e9sences ! (choux.lents@potager.org \/ 06 52 83 04 90)<\/p>\n<p>Comme d&#8217;habitude, 2 mots sur le chantier : bonne humeur, entraide, on apprend en faisant. Chacun.e est libre de faire des pauses.  Bien \u00e9videmment vos repas (bonnes bouffes bio \u00e0 tendances v\u00e9g\u00e9tariennes) et nuit\u00e9es vous sont chaleureusement offerts (dans la limite des places disponibles).<\/p>\n<p>Questions\/infos\/inscriptions&#8230;<br \/>\n<br \/>Olivier<br \/>\n<br \/>portable : 06 52 83 04 90 \/ fixe : 09 50 29 54 39<\/p>\n","protected":false},"excerpt":{"rendered":"<p>Nous vous invitons \u00e0 notre prochain chantier participatif du samedi 15 au dimanche 23 avril. Chantier tout particulier puisque nous y commencerons l&#8217;ITE (isolation thermique ext\u00e9rieure) de la grange ! [| |] Au programme : &#8211; ITE donc de la fa\u00e7ade ouest : structure bois, panneaux souples 10cm puis rigide 6cm, puis enduits &#8211; travaux &#8230; <a title=\"Chantier ITE\" class=\"read-more\" href=\"https:\/\/leschouxlents.potager.org\/index.php\/2017\/04\/05\/chantier-ite\/\" aria-label=\"Read more about Chantier ITE\">Read more<\/a><\/p>\n","protected":false},"author":1,"featured_media":291,"comment_status":"closed","ping_status":"open","sticky":false,"template":"","format":"standard","meta":{"footnotes":""},"categories":[11],"tags":[],"class_list":["post-292","post","type-post","status-publish","format-standard","has-post-thumbnail","hentry","category-les-chantiers"],"_links":{"self":[{"href":"https:\/\/leschouxlents.potager.org\/index.php\/wp-json\/wp\/v2\/posts\/292","targetHints":{"allow":["GET"]}}],"collection":[{"href":"https:\/\/leschouxlents.potager.org\/index.php\/wp-json\/wp\/v2\/posts"}],"about":[{"href":"https:\/\/leschouxlents.potager.org\/index.php\/wp-json\/wp\/v2\/types\/post"}],"author":[{"embeddable":true,"href":"https:\/\/leschouxlents.potager.org\/index.php\/wp-json\/wp\/v2\/users\/1"}],"replies":[{"embeddable":true,"href":"https:\/\/leschouxlents.potager.org\/index.php\/wp-json\/wp\/v2\/comments?post=292"}],"version-history":[{"count":0,"href":"https:\/\/leschouxlents.potager.org\/index.php\/wp-json\/wp\/v2\/posts\/292\/revisions"}],"wp:featuredmedia":[{"embeddable":true,"href":"https:\/\/leschouxlents.potager.org\/index.php\/wp-json\/wp\/v2\/media\/291"}],"wp:attachment":[{"href":"https:\/\/leschouxlents.potager.org\/index.php\/wp-json\/wp\/v2\/media?parent=292"}],"wp:term":[{"taxonomy":"category","embeddable":true,"href":"https:\/\/leschouxlents.potager.org\/index.php\/wp-json\/wp\/v2\/categories?post=292"},{"taxonomy":"post_tag","embeddable":true,"href":"https:\/\/leschouxlents.potager.org\/index.php\/wp-json\/wp\/v2\/tags?post=292"}],"curies":[{"name":"wp","href":"https:\/\/api.w.org\/{rel}","templated":true}]}}