{"id":295,"date":"2017-04-29T21:21:22","date_gmt":"2017-04-29T21:21:22","guid":{"rendered":"https:\/\/leschouxlents.potager.org\/wordpress\/index.php\/2017\/04\/29\/chantier-ite-facade-ouest-la-fin\/"},"modified":"2017-04-29T21:21:22","modified_gmt":"2017-04-29T21:21:22","slug":"chantier-ite-facade-ouest-la-fin","status":"publish","type":"post","link":"https:\/\/leschouxlents.potager.org\/index.php\/2017\/04\/29\/chantier-ite-facade-ouest-la-fin\/","title":{"rendered":"Chantier ITE fa\u00e7ade ouest, la fin !"},"content":{"rendered":"<p>Lors de notre dernier chantier participatif,  nous avons commenc\u00e9 l&#8217;ITE   (isolation thermique ext\u00e9rieure) de la fa\u00e7ade ouest de notre grange :<br \/>\n&#8211; structure bois<br \/>\n&#8211; panneaux de fibre de bois souple 10cm<br \/>\n&#8211; panneaux de fibre de bois rigide 6 cm<br \/>\n&#8211; enduit chaux avec trame maroufl\u00e9e<br \/>\nNe reste plus que la derni\u00e8re couche d&#8217;enduit, couche de finition, toujours \u00e0 base de chaux (aux couleurs ABF !).<\/p>\n<p>Cette derni\u00e8re couche doit \u00eatre r\u00e9alis\u00e9e en une seule journ\u00e9e et ce sera donc le samedi 6 mai.<\/p>\n<p>[|<sjcycle268|center>|]<\/p>\n<p>Comme pour les couches pr\u00e9c\u00e9dentes, nous serons encadr\u00e9s par un ma\u00e7on-fa\u00e7adier sp\u00e9cialiste de la r\u00e9novation de b\u00e2ti ancien.<\/p>\n<p>A l&#8217;occasion de ce chantier et pour f\u00eater la fin de cette premi\u00e8re ITE dont nous ne sommes pas peu fiers  (et reconnaissants  envers tous les Brocolis qui \u00e9taient pr\u00e9sents \u00e0 nos c\u00f4t\u00e9s), nous organisons \u00e9galement un concert le samedi soir.<\/p>\n<p>Comme d&#8217;habitude, 2 mots sur le chantier : bonne humeur, entraide, on apprend en faisant. Chacun.e est libre de faire des pauses.  Bien \u00e9videmment vos repas (bonnes bouffes bio \u00e0 tendances v\u00e9g\u00e9tariennes) et nuit\u00e9es vous sont chaleureusement offerts (dans la limite des places disponibles).<\/p>\n<p>Questions\/infos\/inscriptions&#8230;<br \/>\n<br \/>Olivier<br \/>\n<br \/>portable : 06 52 83 04 90 \/ fixe : 09 50 29 54 39<\/p>\n","protected":false},"excerpt":{"rendered":"<p>Lors de notre dernier chantier participatif, nous avons commenc\u00e9 l&#8217;ITE (isolation thermique ext\u00e9rieure) de la fa\u00e7ade ouest de notre grange : &#8211; structure bois &#8211; panneaux de fibre de bois souple 10cm &#8211; panneaux de fibre de bois rigide 6 cm &#8211; enduit chaux avec trame maroufl\u00e9e Ne reste plus que la derni\u00e8re couche d&#8217;enduit, &#8230; <a title=\"Chantier ITE fa\u00e7ade ouest, la fin !\" class=\"read-more\" href=\"https:\/\/leschouxlents.potager.org\/index.php\/2017\/04\/29\/chantier-ite-facade-ouest-la-fin\/\" aria-label=\"Read more about Chantier ITE fa\u00e7ade ouest, la fin !\">Read more<\/a><\/p>\n","protected":false},"author":1,"featured_media":0,"comment_status":"closed","ping_status":"open","sticky":false,"template":"","format":"standard","meta":{"footnotes":""},"categories":[11],"tags":[],"class_list":["post-295","post","type-post","status-publish","format-standard","hentry","category-les-chantiers"],"_links":{"self":[{"href":"https:\/\/leschouxlents.potager.org\/index.php\/wp-json\/wp\/v2\/posts\/295","targetHints":{"allow":["GET"]}}],"collection":[{"href":"https:\/\/leschouxlents.potager.org\/index.php\/wp-json\/wp\/v2\/posts"}],"about":[{"href":"https:\/\/leschouxlents.potager.org\/index.php\/wp-json\/wp\/v2\/types\/post"}],"author":[{"embeddable":true,"href":"https:\/\/leschouxlents.potager.org\/index.php\/wp-json\/wp\/v2\/users\/1"}],"replies":[{"embeddable":true,"href":"https:\/\/leschouxlents.potager.org\/index.php\/wp-json\/wp\/v2\/comments?post=295"}],"version-history":[{"count":0,"href":"https:\/\/leschouxlents.potager.org\/index.php\/wp-json\/wp\/v2\/posts\/295\/revisions"}],"wp:attachment":[{"href":"https:\/\/leschouxlents.potager.org\/index.php\/wp-json\/wp\/v2\/media?parent=295"}],"wp:term":[{"taxonomy":"category","embeddable":true,"href":"https:\/\/leschouxlents.potager.org\/index.php\/wp-json\/wp\/v2\/categories?post=295"},{"taxonomy":"post_tag","embeddable":true,"href":"https:\/\/leschouxlents.potager.org\/index.php\/wp-json\/wp\/v2\/tags?post=295"}],"curies":[{"name":"wp","href":"https:\/\/api.w.org\/{rel}","templated":true}]}}