{"id":297,"date":"2017-04-30T08:57:27","date_gmt":"2017-04-30T08:57:27","guid":{"rendered":"https:\/\/leschouxlents.potager.org\/wordpress\/index.php\/2017\/04\/30\/concert-exceptionnel-des-tit-for-tat-aux-choux-lents\/"},"modified":"2017-04-30T08:57:27","modified_gmt":"2017-04-30T08:57:27","slug":"concert-exceptionnel-des-tit-for-tat-aux-choux-lents","status":"publish","type":"post","link":"https:\/\/leschouxlents.potager.org\/index.php\/2017\/04\/30\/concert-exceptionnel-des-tit-for-tat-aux-choux-lents\/","title":{"rendered":"Concert exceptionnel des Tit For Tat aux Choux Lents"},"content":{"rendered":"<p>A l&#8217;occasion de <a href=\" article268\">notre prochain chantier participatif  <\/a> et pour f\u00eater la fin de notre premi\u00e8re ITE, <strong>les Tit For Tat <\/strong> nous font l&#8217;amiti\u00e9 de venir le samedi 6 mai aux Choux Lents pour un concert exceptionnel.<\/p>\n<p>[|<br \/>\n<a href=\" https:\/\/titfortatmusic.com\/about\/\"> <img loading=\"lazy\" decoding=\"async\" class=\" aligncenter size-full wp-image-296\" src=\"http:\/\/leschouxlents.potager.org\/uploads\/2017\/04\/tit-for-tat_300dpi.jpg\" alt=\"tit-for-tat_300dpi.jpg\" align=\"center\" width=\"365\" height=\"365\" srcset=\"https:\/\/leschouxlents.potager.org\/uploads\/2017\/04\/tit-for-tat_300dpi.jpg 365w, https:\/\/leschouxlents.potager.org\/uploads\/2017\/04\/tit-for-tat_300dpi-300x300.jpg 300w, https:\/\/leschouxlents.potager.org\/uploads\/2017\/04\/tit-for-tat_300dpi-150x150.jpg 150w\" sizes=\"auto, (max-width: 365px) 100vw, 365px\" \/> <\/a><br \/>\n|]<\/p>\n<p>Trio folk form\u00e9 en d\u00e9cembre 2012 sous l\u2019impulsion d\u2019une envie commune de partager une musique authentique et chaleureuse. Les Tit for Tat puisent leur inspiration dans la musique folk (Bon Iver, Tallest man on Earth, Beirut), dans le blues (White Stripes, Seasick Steve) et plus largement dans le rock ind\u00e9pendant (Radiohead, Arcade Fire, Local Natives).<\/p>\n<p>Port\u00e9 par la voix sucr\u00e9e et enfantine de Coline, soutenu par le jeu de guitare subtil de Thibaut et accompagn\u00e9 des percussions \u00e9nergiques de Thomas, le groupe livre au public un set acoustique nuanc\u00e9.<\/p>\n<p>Tit For Tat entend bien r\u00e9veiller la sc\u00e8ne folk lyonnaise (et saint-germinoise), en mariant une pop limpide \u00e0 du blues accrocheur.<\/p>\n<p>Moultes belles vid\u00e9os de leurs compositions originales sont \u00e0 l&#8217;\u00e9coute <a href=\" https:\/\/titfortatmusic.com\/about\/\">sur leur site <\/a>.<\/p>\n<p>rdv cour des Choux Lents<br \/>\n<br \/>19 avenue de la r\u00e9sistance &#8211; 69650 Saint-Germain au mont d&#8217;or<br \/>\n<br \/>19h ap\u00e9ro-buffet &#8220;chacun ram\u00e8ne son plat&#8221;  &#8211;  20h30 concert<br \/>\n<br \/>Entr\u00e9e libre &#8211; participation au chapeau pour les artistes  <\/p>\n","protected":false},"excerpt":{"rendered":"<p>A l&#8217;occasion de notre prochain chantier participatif et pour f\u00eater la fin de notre premi\u00e8re ITE, les Tit For Tat nous font l&#8217;amiti\u00e9 de venir le samedi 6 mai aux Choux Lents pour un concert exceptionnel. [| |] Trio folk form\u00e9 en d\u00e9cembre 2012 sous l\u2019impulsion d\u2019une envie commune de partager une musique authentique et &#8230; <a title=\"Concert exceptionnel des Tit For Tat aux Choux Lents\" class=\"read-more\" href=\"https:\/\/leschouxlents.potager.org\/index.php\/2017\/04\/30\/concert-exceptionnel-des-tit-for-tat-aux-choux-lents\/\" aria-label=\"Read more about Concert exceptionnel des Tit For Tat aux Choux Lents\">Read more<\/a><\/p>\n","protected":false},"author":1,"featured_media":296,"comment_status":"closed","ping_status":"open","sticky":false,"template":"","format":"standard","meta":{"footnotes":""},"categories":[12],"tags":[],"class_list":["post-297","post","type-post","status-publish","format-standard","has-post-thumbnail","hentry","category-les-evenements"],"_links":{"self":[{"href":"https:\/\/leschouxlents.potager.org\/index.php\/wp-json\/wp\/v2\/posts\/297","targetHints":{"allow":["GET"]}}],"collection":[{"href":"https:\/\/leschouxlents.potager.org\/index.php\/wp-json\/wp\/v2\/posts"}],"about":[{"href":"https:\/\/leschouxlents.potager.org\/index.php\/wp-json\/wp\/v2\/types\/post"}],"author":[{"embeddable":true,"href":"https:\/\/leschouxlents.potager.org\/index.php\/wp-json\/wp\/v2\/users\/1"}],"replies":[{"embeddable":true,"href":"https:\/\/leschouxlents.potager.org\/index.php\/wp-json\/wp\/v2\/comments?post=297"}],"version-history":[{"count":0,"href":"https:\/\/leschouxlents.potager.org\/index.php\/wp-json\/wp\/v2\/posts\/297\/revisions"}],"wp:featuredmedia":[{"embeddable":true,"href":"https:\/\/leschouxlents.potager.org\/index.php\/wp-json\/wp\/v2\/media\/296"}],"wp:attachment":[{"href":"https:\/\/leschouxlents.potager.org\/index.php\/wp-json\/wp\/v2\/media?parent=297"}],"wp:term":[{"taxonomy":"category","embeddable":true,"href":"https:\/\/leschouxlents.potager.org\/index.php\/wp-json\/wp\/v2\/categories?post=297"},{"taxonomy":"post_tag","embeddable":true,"href":"https:\/\/leschouxlents.potager.org\/index.php\/wp-json\/wp\/v2\/tags?post=297"}],"curies":[{"name":"wp","href":"https:\/\/api.w.org\/{rel}","templated":true}]}}