{"id":299,"date":"2017-05-25T09:01:39","date_gmt":"2017-05-25T09:01:39","guid":{"rendered":"https:\/\/leschouxlents.potager.org\/wordpress\/index.php\/2017\/05\/25\/the-green-donkeys\/"},"modified":"2017-05-25T09:01:39","modified_gmt":"2017-05-25T09:01:39","slug":"the-green-donkeys","status":"publish","type":"post","link":"https:\/\/leschouxlents.potager.org\/index.php\/2017\/05\/25\/the-green-donkeys\/","title":{"rendered":"The Green Donkeys"},"content":{"rendered":"<p>A l&#8217;occasion de la cr\u00e9maill\u00e8re de notre 6\u00e8me appartement, nous avons le plaisir de vous inviter \u00e0 un bal-concert :<\/p>\n<p>[|<img loading=\"lazy\" decoding=\"async\" class=\" aligncenter size-full wp-image-298\" src=\"http:\/\/leschouxlents.potager.org\/uploads\/2017\/05\/donkeys_web.jpg\" alt=\"donkeys_web.jpg\" align=\"center\" width=\"640\" height=\"462\" srcset=\"https:\/\/leschouxlents.potager.org\/uploads\/2017\/05\/donkeys_web.jpg 640w, https:\/\/leschouxlents.potager.org\/uploads\/2017\/05\/donkeys_web-300x217.jpg 300w\" sizes=\"auto, (max-width: 640px) 100vw, 640px\" \/><\/p>\n<h2>\u00ab The Green Donkeys \u00bb<\/h2>\n<p>|]<\/p>\n<p>Voil\u00e0 bient\u00f4t 10 ans que les Green Donkeys explorent la diversit\u00e9 du r\u00e9pertoire irlandais : chansons historiques, populaires, et teint\u00e9es d&#8217;ironie &#8230; et d&#8217;alcool, et danses traditionnelles, jigs, reels&#8230; Associant violon, banjo, guitare, contrebasse, fl\u00fbte, et chant, ils se laissent inspirer par ce vaste r\u00e9pertoire, frayant notre chemin dans les pas des Dubliners, Pogues et bien d&#8217;autres&#8230;<\/p>\n<p>rdv aux Choux Lents<br \/>\n<br \/>19 avenue de la r\u00e9sistance &#8211; 69650 Saint-Germain au mont d&#8217;or<br \/>\n<br \/>19h30  Repas &#038; Buvette partag\u00e9s : chacun am\u00e8ne son plat &#038; une boisson<br \/>\n<br \/>20h30 concert<br \/>\n<br \/>Entr\u00e9e libre &#8211; participation au chapeau<\/p>\n","protected":false},"excerpt":{"rendered":"<p>A l&#8217;occasion de la cr\u00e9maill\u00e8re de notre 6\u00e8me appartement, nous avons le plaisir de vous inviter \u00e0 un bal-concert : [| \u00ab The Green Donkeys \u00bb |] Voil\u00e0 bient\u00f4t 10 ans que les Green Donkeys explorent la diversit\u00e9 du r\u00e9pertoire irlandais : chansons historiques, populaires, et teint\u00e9es d&#8217;ironie &#8230; et d&#8217;alcool, et danses traditionnelles, jigs, &#8230; <a title=\"The Green Donkeys\" class=\"read-more\" href=\"https:\/\/leschouxlents.potager.org\/index.php\/2017\/05\/25\/the-green-donkeys\/\" aria-label=\"Read more about The Green Donkeys\">Read more<\/a><\/p>\n","protected":false},"author":1,"featured_media":298,"comment_status":"closed","ping_status":"open","sticky":false,"template":"","format":"standard","meta":{"footnotes":""},"categories":[12],"tags":[],"class_list":["post-299","post","type-post","status-publish","format-standard","has-post-thumbnail","hentry","category-les-evenements"],"_links":{"self":[{"href":"https:\/\/leschouxlents.potager.org\/index.php\/wp-json\/wp\/v2\/posts\/299","targetHints":{"allow":["GET"]}}],"collection":[{"href":"https:\/\/leschouxlents.potager.org\/index.php\/wp-json\/wp\/v2\/posts"}],"about":[{"href":"https:\/\/leschouxlents.potager.org\/index.php\/wp-json\/wp\/v2\/types\/post"}],"author":[{"embeddable":true,"href":"https:\/\/leschouxlents.potager.org\/index.php\/wp-json\/wp\/v2\/users\/1"}],"replies":[{"embeddable":true,"href":"https:\/\/leschouxlents.potager.org\/index.php\/wp-json\/wp\/v2\/comments?post=299"}],"version-history":[{"count":0,"href":"https:\/\/leschouxlents.potager.org\/index.php\/wp-json\/wp\/v2\/posts\/299\/revisions"}],"wp:featuredmedia":[{"embeddable":true,"href":"https:\/\/leschouxlents.potager.org\/index.php\/wp-json\/wp\/v2\/media\/298"}],"wp:attachment":[{"href":"https:\/\/leschouxlents.potager.org\/index.php\/wp-json\/wp\/v2\/media?parent=299"}],"wp:term":[{"taxonomy":"category","embeddable":true,"href":"https:\/\/leschouxlents.potager.org\/index.php\/wp-json\/wp\/v2\/categories?post=299"},{"taxonomy":"post_tag","embeddable":true,"href":"https:\/\/leschouxlents.potager.org\/index.php\/wp-json\/wp\/v2\/tags?post=299"}],"curies":[{"name":"wp","href":"https:\/\/api.w.org\/{rel}","templated":true}]}}