{"id":300,"date":"2017-05-28T15:23:42","date_gmt":"2017-05-28T15:23:42","guid":{"rendered":"https:\/\/leschouxlents.potager.org\/wordpress\/index.php\/2017\/05\/28\/deux-chantiers-cet-ete\/"},"modified":"2017-05-28T15:23:42","modified_gmt":"2017-05-28T15:23:42","slug":"deux-chantiers-cet-ete","status":"publish","type":"post","link":"https:\/\/leschouxlents.potager.org\/index.php\/2017\/05\/28\/deux-chantiers-cet-ete\/","title":{"rendered":"Deux chantiers cet \u00e9t\u00e9 !"},"content":{"rendered":"<p>Nous vous invitons \u00e0 l&#8217;un et\/ou l&#8217;autre de nos deux chantiers participatifs estivaux.<\/p>\n<p>Avec, au programme de ces deux chantiers :<\/p>\n<p>&#8211; ITE ITE ITE !<\/p>\n<p>L&#8217;ITE, c&#8217;est l&#8217;isolation thermique ext\u00e9rieure :<\/p>\n<ul>\n<li>    structure bois<\/li>\n<li>     panneaux de fibre de bois souple 10cm<\/li>\n<li>     panneaux de fibre de bois rigide 6 cm<\/li>\n<li>     enduit chaux avec trame maroufl\u00e9e<\/li>\n<li>     enduit de finition , toujours \u00e0 base de chaux (aux couleurs ABF !)<\/li>\n<\/ul>\n<p>D\u00e9but juillet, ce sera la fa\u00e7ade Nord et fin juillet, la fa\u00e7ade Est.<\/p>\n<p>&#8211;    Mais aussi, pour le premier chantier :<\/p>\n<ul>\n<li>     pose de parquet massif coll\u00e9 sur dalle chauffante<\/li>\n<li>      fabrication de meubles en bois<\/li>\n<li>     isolation phonique, suite et fin, de l&#8217;une de nos chambres d&#8217;amis<\/li>\n<li>     r\u00e9alisation d&#8217;un toit pour notre nouveau compost<\/li>\n<li>     &#8230;<\/li>\n<\/ul>\n<p>[|<sjcycle271|center>|]<\/p>\n<h3>Attention, 2 points importants :<\/h3>\n<ol>\n<li>   comme pour chaque chantier, nous vous programmons aussi un \u00e9v\u00e9nement festif. Pour le premier chantier, c&#8217;est d\u00e9j\u00e0 cal\u00e9, ce sera un concert du POK ou Petit Orchestre en Kit, le vendredi 7, invitation d\u00e9taill\u00e9e \u00e0 venir ;<\/li>\n<li>       Vous \u00eates \u00e0 chaque fois plus nombreux.ses \u00e0 venir g\u00e9n\u00e9reusement nous aider&#8230; nous pousserons les murs tant que nous pourrons mais, en cas de brocolite aig\u00dbe, nous privil\u00e9gierons celles et ceux qui restent plusieurs jours. Dans tous les cas, vous \u00eates les bienvenu.es au concert !<\/li>\n<\/ol>\n<p>Le matin, rendez-vous d\u00e8s 9h pour le caf\u00e9 et le brief du chantier du jour.<br \/>\nN&#8217;h\u00e9sitez pas \u00e0 <a href=\" les-choux-lents@potager.org\">nous contacter <\/a> pour toute question, et merci de me confirmer vos pr\u00e9sences ! <\/p>\n<p>Comme d&#8217;habitude, 2 mots sur le chantier : bonne humeur, entraide, on apprend en faisant. Chacun.e est libre de faire des pauses.  Bien \u00e9videmment vos repas (bonnes bouffes bio \u00e0 tendances v\u00e9g\u00e9tariennes) et nuit\u00e9es vous sont chaleureusement offerts (dans la limite des places disponibles).<\/p>\n<p>Questions\/infos\/inscriptions&#8230;<br \/>\n_Olivier &#8211; 06 52 83 04 90 <\/p>\n","protected":false},"excerpt":{"rendered":"<p>Nous vous invitons \u00e0 l&#8217;un et\/ou l&#8217;autre de nos deux chantiers participatifs estivaux. Avec, au programme de ces deux chantiers : &#8211; ITE ITE ITE ! L&#8217;ITE, c&#8217;est l&#8217;isolation thermique ext\u00e9rieure : structure bois panneaux de fibre de bois souple 10cm panneaux de fibre de bois rigide 6 cm enduit chaux avec trame maroufl\u00e9e enduit &#8230; <a title=\"Deux chantiers cet \u00e9t\u00e9 !\" class=\"read-more\" href=\"https:\/\/leschouxlents.potager.org\/index.php\/2017\/05\/28\/deux-chantiers-cet-ete\/\" aria-label=\"Read more about Deux chantiers cet \u00e9t\u00e9 !\">Read more<\/a><\/p>\n","protected":false},"author":1,"featured_media":0,"comment_status":"closed","ping_status":"open","sticky":false,"template":"","format":"standard","meta":{"footnotes":""},"categories":[11],"tags":[],"class_list":["post-300","post","type-post","status-publish","format-standard","hentry","category-les-chantiers"],"_links":{"self":[{"href":"https:\/\/leschouxlents.potager.org\/index.php\/wp-json\/wp\/v2\/posts\/300","targetHints":{"allow":["GET"]}}],"collection":[{"href":"https:\/\/leschouxlents.potager.org\/index.php\/wp-json\/wp\/v2\/posts"}],"about":[{"href":"https:\/\/leschouxlents.potager.org\/index.php\/wp-json\/wp\/v2\/types\/post"}],"author":[{"embeddable":true,"href":"https:\/\/leschouxlents.potager.org\/index.php\/wp-json\/wp\/v2\/users\/1"}],"replies":[{"embeddable":true,"href":"https:\/\/leschouxlents.potager.org\/index.php\/wp-json\/wp\/v2\/comments?post=300"}],"version-history":[{"count":0,"href":"https:\/\/leschouxlents.potager.org\/index.php\/wp-json\/wp\/v2\/posts\/300\/revisions"}],"wp:attachment":[{"href":"https:\/\/leschouxlents.potager.org\/index.php\/wp-json\/wp\/v2\/media?parent=300"}],"wp:term":[{"taxonomy":"category","embeddable":true,"href":"https:\/\/leschouxlents.potager.org\/index.php\/wp-json\/wp\/v2\/categories?post=300"},{"taxonomy":"post_tag","embeddable":true,"href":"https:\/\/leschouxlents.potager.org\/index.php\/wp-json\/wp\/v2\/tags?post=300"}],"curies":[{"name":"wp","href":"https:\/\/api.w.org\/{rel}","templated":true}]}}