{"id":307,"date":"2017-09-17T16:38:10","date_gmt":"2017-09-17T16:38:10","guid":{"rendered":"https:\/\/leschouxlents.potager.org\/wordpress\/index.php\/2017\/09\/17\/atelier-cuisine-vivante\/"},"modified":"2017-09-17T16:38:10","modified_gmt":"2017-09-17T16:38:10","slug":"atelier-cuisine-vivante","status":"publish","type":"post","link":"https:\/\/leschouxlents.potager.org\/index.php\/2017\/09\/17\/atelier-cuisine-vivante\/","title":{"rendered":"Atelier cuisine vivante"},"content":{"rendered":"<p> Apr\u00e8s des concerts, des projections-d\u00e9bat, une formation de chant, les Choux Lents vous propose un atelier de cuisine vivante.<\/p>\n<p>Pour vous offrir encore de meilleurs repas durant nos chantiers participatifs, pour vous faire d\u00e9couvrir et partager une autre mani\u00e8re de cuisiner&#8230;<\/p>\n<p>Venez nous rejoindre durant ce moment d&#8217;apprentissage.<\/p>\n<h3>Mercredi 6 septembre, de 13h30 \u00e0 17h30<\/h3>\n<p>Nous concocterons dans notre cuisine commune (sans oublier d&#8217;aborder un peu de th\u00e9orie) :<br \/>\n&#8211;    jus vert<br \/>\n&#8211;    graines germ\u00e9es<br \/>\n&#8211;    choucroute crue<br \/>\n&#8211;    p\u00e2t\u00e9 ol\u00e9agineux<br \/>\n&#8211;    lait v\u00e9g\u00e9taux<br \/>\n&#8211;    fruits et l\u00e9gumes d\u00e9shydrat\u00e9s<br \/>\n&#8211;    barre de fruits secs<\/p>\n<p>[|<img loading=\"lazy\" decoding=\"async\" class=\" aligncenter size-full wp-image-306\" src=\"http:\/\/leschouxlents.potager.org\/uploads\/2017\/09\/img_20170906_143721-2.jpg\" alt=\"img_20170906_143721-2.jpg\" align=\"center\" width=\"640\" height=\"480\" srcset=\"https:\/\/leschouxlents.potager.org\/uploads\/2017\/09\/img_20170906_143721-2.jpg 640w, https:\/\/leschouxlents.potager.org\/uploads\/2017\/09\/img_20170906_143721-2-300x225.jpg 300w\" sizes=\"auto, (max-width: 640px) 100vw, 640px\" \/>|]<\/p>\n<p>Formatrice : Christine Glans-Gaud <\/p>\n<p>Christine Glans-Gaud fait partie des 2 co-\u00e9crivaines du livre de &#8220;Recettes Saines et faciles&#8221;.<br \/>\n<br \/>Son site : <a href=\"cuisinevivante.bigcartel.com\">cuisinevivante.bigcartel.com<\/a><\/p>\n","protected":false},"excerpt":{"rendered":"<p>Apr\u00e8s des concerts, des projections-d\u00e9bat, une formation de chant, les Choux Lents vous propose un atelier de cuisine vivante. Pour vous offrir encore de meilleurs repas durant nos chantiers participatifs, pour vous faire d\u00e9couvrir et partager une autre mani\u00e8re de cuisiner&#8230; Venez nous rejoindre durant ce moment d&#8217;apprentissage. Mercredi 6 septembre, de 13h30 \u00e0 17h30 &#8230; <a title=\"Atelier cuisine vivante\" class=\"read-more\" href=\"https:\/\/leschouxlents.potager.org\/index.php\/2017\/09\/17\/atelier-cuisine-vivante\/\" aria-label=\"Read more about Atelier cuisine vivante\">Read more<\/a><\/p>\n","protected":false},"author":1,"featured_media":306,"comment_status":"closed","ping_status":"open","sticky":false,"template":"","format":"standard","meta":{"footnotes":""},"categories":[12],"tags":[],"class_list":["post-307","post","type-post","status-publish","format-standard","has-post-thumbnail","hentry","category-les-evenements"],"_links":{"self":[{"href":"https:\/\/leschouxlents.potager.org\/index.php\/wp-json\/wp\/v2\/posts\/307","targetHints":{"allow":["GET"]}}],"collection":[{"href":"https:\/\/leschouxlents.potager.org\/index.php\/wp-json\/wp\/v2\/posts"}],"about":[{"href":"https:\/\/leschouxlents.potager.org\/index.php\/wp-json\/wp\/v2\/types\/post"}],"author":[{"embeddable":true,"href":"https:\/\/leschouxlents.potager.org\/index.php\/wp-json\/wp\/v2\/users\/1"}],"replies":[{"embeddable":true,"href":"https:\/\/leschouxlents.potager.org\/index.php\/wp-json\/wp\/v2\/comments?post=307"}],"version-history":[{"count":0,"href":"https:\/\/leschouxlents.potager.org\/index.php\/wp-json\/wp\/v2\/posts\/307\/revisions"}],"wp:featuredmedia":[{"embeddable":true,"href":"https:\/\/leschouxlents.potager.org\/index.php\/wp-json\/wp\/v2\/media\/306"}],"wp:attachment":[{"href":"https:\/\/leschouxlents.potager.org\/index.php\/wp-json\/wp\/v2\/media?parent=307"}],"wp:term":[{"taxonomy":"category","embeddable":true,"href":"https:\/\/leschouxlents.potager.org\/index.php\/wp-json\/wp\/v2\/categories?post=307"},{"taxonomy":"post_tag","embeddable":true,"href":"https:\/\/leschouxlents.potager.org\/index.php\/wp-json\/wp\/v2\/tags?post=307"}],"curies":[{"name":"wp","href":"https:\/\/api.w.org\/{rel}","templated":true}]}}