{"id":309,"date":"2017-10-08T18:20:52","date_gmt":"2017-10-08T18:20:52","guid":{"rendered":"https:\/\/leschouxlents.potager.org\/wordpress\/index.php\/2017\/10\/08\/fanny-roz-en-concert\/"},"modified":"2017-10-08T18:20:52","modified_gmt":"2017-10-08T18:20:52","slug":"fanny-roz-en-concert","status":"publish","type":"post","link":"https:\/\/leschouxlents.potager.org\/index.php\/2017\/10\/08\/fanny-roz-en-concert\/","title":{"rendered":"Fanny Roz en concert"},"content":{"rendered":"<p>A l&#8217;occasion de <a href=\" article275\">notre prochain chantier participatif <\/a>, nous vous invitons \u00e0 notre prochaine soir\u00e9e musicale :<\/p>\n<p>[|<img loading=\"lazy\" decoding=\"async\" class=\" aligncenter size-full wp-image-308\" src=\"http:\/\/leschouxlents.potager.org\/uploads\/2017\/10\/fanny_roz.jpg\" alt=\"fanny_roz.jpg\" align=\"center\" width=\"508\" height=\"553\" srcset=\"https:\/\/leschouxlents.potager.org\/uploads\/2017\/10\/fanny_roz.jpg 508w, https:\/\/leschouxlents.potager.org\/uploads\/2017\/10\/fanny_roz-276x300.jpg 276w\" sizes=\"auto, (max-width: 508px) 100vw, 508px\" \/>|]<\/p>\n<blockquote><p>\n<em><br \/>\nDans ce spectacle musical, Fanny Roz jongle avec d\u00e9lice entre performances vocales, piano, percussions, souches de bois guitare et p\u2019tits cailloux\u2026<\/p>\n<p> Sa voix cam\u00e9l\u00e9on nous livre des textes voguant entre confessions intimes, regards sur le monde ou contes po\u00e9tiques.<\/p>\n<p>Sur sc\u00e8ne, elle s\u2019amuse \u00e0 incarner plusieurs personnages tir\u00e9s de son imaginaire urbano-champ\u00eatre.<\/p>\n<p> Son univers musical nourrit d\u2019influences multiples va du jazz m\u00e9tiss\u00e9 au post rock via le swing ou la folk, le tout saupoudr\u00e9 de planantes boucles psych\u00e9d\u00e9liques.<\/p>\n<p> Son naturel, son humour, son feu, le courant passe&#8230;<br \/>\nLumineuse plan\u00e8te Roz<\/em><\/p>\n<\/blockquote>\n<p>rdv aux Choux Lents<br \/>\n<br \/>19h30  Repas&#038;Buvette partag\u00e9s : chacun am\u00e8ne un plat, une boisson<br \/>\n<br \/>20h30 concert<br \/>\n<br \/>Entr\u00e9e libre &#8211; participation au chapeau<br \/>\n<br \/><strong>Attention :<\/strong> places limit\u00e9es, <a href=\" les-choux-lents@potager.org\">r\u00e9servation recommand\u00e9e <\/a><\/p>\n","protected":false},"excerpt":{"rendered":"<p>A l&#8217;occasion de notre prochain chantier participatif , nous vous invitons \u00e0 notre prochaine soir\u00e9e musicale : [||] Dans ce spectacle musical, Fanny Roz jongle avec d\u00e9lice entre performances vocales, piano, percussions, souches de bois guitare et p\u2019tits cailloux\u2026 Sa voix cam\u00e9l\u00e9on nous livre des textes voguant entre confessions intimes, regards sur le monde ou &#8230; <a title=\"Fanny Roz en concert\" class=\"read-more\" href=\"https:\/\/leschouxlents.potager.org\/index.php\/2017\/10\/08\/fanny-roz-en-concert\/\" aria-label=\"Read more about Fanny Roz en concert\">Read more<\/a><\/p>\n","protected":false},"author":1,"featured_media":308,"comment_status":"closed","ping_status":"open","sticky":false,"template":"","format":"standard","meta":{"footnotes":""},"categories":[12],"tags":[],"class_list":["post-309","post","type-post","status-publish","format-standard","has-post-thumbnail","hentry","category-les-evenements"],"_links":{"self":[{"href":"https:\/\/leschouxlents.potager.org\/index.php\/wp-json\/wp\/v2\/posts\/309","targetHints":{"allow":["GET"]}}],"collection":[{"href":"https:\/\/leschouxlents.potager.org\/index.php\/wp-json\/wp\/v2\/posts"}],"about":[{"href":"https:\/\/leschouxlents.potager.org\/index.php\/wp-json\/wp\/v2\/types\/post"}],"author":[{"embeddable":true,"href":"https:\/\/leschouxlents.potager.org\/index.php\/wp-json\/wp\/v2\/users\/1"}],"replies":[{"embeddable":true,"href":"https:\/\/leschouxlents.potager.org\/index.php\/wp-json\/wp\/v2\/comments?post=309"}],"version-history":[{"count":0,"href":"https:\/\/leschouxlents.potager.org\/index.php\/wp-json\/wp\/v2\/posts\/309\/revisions"}],"wp:featuredmedia":[{"embeddable":true,"href":"https:\/\/leschouxlents.potager.org\/index.php\/wp-json\/wp\/v2\/media\/308"}],"wp:attachment":[{"href":"https:\/\/leschouxlents.potager.org\/index.php\/wp-json\/wp\/v2\/media?parent=309"}],"wp:term":[{"taxonomy":"category","embeddable":true,"href":"https:\/\/leschouxlents.potager.org\/index.php\/wp-json\/wp\/v2\/categories?post=309"},{"taxonomy":"post_tag","embeddable":true,"href":"https:\/\/leschouxlents.potager.org\/index.php\/wp-json\/wp\/v2\/tags?post=309"}],"curies":[{"name":"wp","href":"https:\/\/api.w.org\/{rel}","templated":true}]}}