{"id":312,"date":"2018-01-29T22:56:40","date_gmt":"2018-01-29T22:56:40","guid":{"rendered":"https:\/\/leschouxlents.potager.org\/wordpress\/index.php\/2018\/01\/29\/heidi-ho-en-concert\/"},"modified":"2018-01-29T22:56:40","modified_gmt":"2018-01-29T22:56:40","slug":"heidi-ho-en-concert","status":"publish","type":"post","link":"https:\/\/leschouxlents.potager.org\/index.php\/2018\/01\/29\/heidi-ho-en-concert\/","title":{"rendered":"\u00ab Heidi Ho ! \u00bb en concert"},"content":{"rendered":"<p>A l&#8217;occasion de <a href=\" article277\">notre prochain chantier participatif <\/a>, nous avons le plaisir de vous inviter \u00e0 un nouveau concert aux Choux Lents :<\/p>\n<p>[|<\/p>\n<p><strong><em>le samedi 17 f\u00e9vrier<br \/>\n<br \/>\u00ab Heidi Ho ! \u00bb <\/strong><\/em><br \/>\n<img loading=\"lazy\" decoding=\"async\" class=\" aligncenter size-full wp-image-311\" src=\"http:\/\/leschouxlents.potager.org\/uploads\/2018\/01\/heidiho_-_concert_aux_chouxlents_-_web.png\" alt=\"heidiho_-_concert_aux_chouxlents_-_web.png\" align=\"center\" width=\"600\" height=\"849\" srcset=\"https:\/\/leschouxlents.potager.org\/uploads\/2018\/01\/heidiho_-_concert_aux_chouxlents_-_web.png 600w, https:\/\/leschouxlents.potager.org\/uploads\/2018\/01\/heidiho_-_concert_aux_chouxlents_-_web-212x300.png 212w\" sizes=\"auto, (max-width: 600px) 100vw, 600px\" \/><\/p>\n<p> |]<br \/>\n \u00ab Chers co-habitants des Choux Lents,<br \/>\n<br \/>Ladies and Gentlemen,<br \/>\n<br \/>Hi-de-ho folks<\/p>\n<p>C&#8217;est avec une joie non dissimul\u00e9e que nous viendrons vous pr\u00e9senter notre duo &#8220;Heidi Ho !&#8221; en exclusivit\u00e9 mondiale !<br \/>\nNous vous emm\u00e8nerons en vagabondage au pays des trains, des amours perdus, de la country music et du honky tonk.<\/p>\n<p>See you soon, folks ! \u00bb<\/p>\n<p>\u200b<br \/>\nrdv aux Choux Lents<br \/>\n<br \/>19 avenue de la r\u00e9sistance &#8211; 69650 Saint-Germain au mont d&#8217;or<br \/>\n<br \/>19h30  Repas &#038; Buvette partag\u00e9s : chacun am\u00e8ne son plat &#038; une boisson<br \/>\n<br \/>20h30 concert<br \/>\n<br \/>Entr\u00e9e libre &#8211; participation au chapeau<\/p>\n<p>infos\/ r\u00e9servation<br \/>\n<br \/>les-choux-lents@potager.org \/ 06 52 83 04 90 <\/p>\n","protected":false},"excerpt":{"rendered":"<p>A l&#8217;occasion de notre prochain chantier participatif , nous avons le plaisir de vous inviter \u00e0 un nouveau concert aux Choux Lents : [| le samedi 17 f\u00e9vrier \u00ab Heidi Ho ! \u00bb |] \u00ab Chers co-habitants des Choux Lents, Ladies and Gentlemen, Hi-de-ho folks C&#8217;est avec une joie non dissimul\u00e9e que nous viendrons vous &#8230; <a title=\"\u00ab Heidi Ho ! \u00bb en concert\" class=\"read-more\" href=\"https:\/\/leschouxlents.potager.org\/index.php\/2018\/01\/29\/heidi-ho-en-concert\/\" aria-label=\"Read more about \u00ab Heidi Ho ! \u00bb en concert\">Read more<\/a><\/p>\n","protected":false},"author":1,"featured_media":311,"comment_status":"closed","ping_status":"open","sticky":false,"template":"","format":"standard","meta":{"footnotes":""},"categories":[12],"tags":[],"class_list":["post-312","post","type-post","status-publish","format-standard","has-post-thumbnail","hentry","category-les-evenements"],"_links":{"self":[{"href":"https:\/\/leschouxlents.potager.org\/index.php\/wp-json\/wp\/v2\/posts\/312","targetHints":{"allow":["GET"]}}],"collection":[{"href":"https:\/\/leschouxlents.potager.org\/index.php\/wp-json\/wp\/v2\/posts"}],"about":[{"href":"https:\/\/leschouxlents.potager.org\/index.php\/wp-json\/wp\/v2\/types\/post"}],"author":[{"embeddable":true,"href":"https:\/\/leschouxlents.potager.org\/index.php\/wp-json\/wp\/v2\/users\/1"}],"replies":[{"embeddable":true,"href":"https:\/\/leschouxlents.potager.org\/index.php\/wp-json\/wp\/v2\/comments?post=312"}],"version-history":[{"count":0,"href":"https:\/\/leschouxlents.potager.org\/index.php\/wp-json\/wp\/v2\/posts\/312\/revisions"}],"wp:featuredmedia":[{"embeddable":true,"href":"https:\/\/leschouxlents.potager.org\/index.php\/wp-json\/wp\/v2\/media\/311"}],"wp:attachment":[{"href":"https:\/\/leschouxlents.potager.org\/index.php\/wp-json\/wp\/v2\/media?parent=312"}],"wp:term":[{"taxonomy":"category","embeddable":true,"href":"https:\/\/leschouxlents.potager.org\/index.php\/wp-json\/wp\/v2\/categories?post=312"},{"taxonomy":"post_tag","embeddable":true,"href":"https:\/\/leschouxlents.potager.org\/index.php\/wp-json\/wp\/v2\/tags?post=312"}],"curies":[{"name":"wp","href":"https:\/\/api.w.org\/{rel}","templated":true}]}}