{"id":314,"date":"2018-02-01T21:30:35","date_gmt":"2018-02-01T21:30:35","guid":{"rendered":"https:\/\/leschouxlents.potager.org\/wordpress\/index.php\/2018\/02\/01\/atelier-collaboratif-dessine-moi-un-abri-a-velos\/"},"modified":"2018-02-01T21:30:35","modified_gmt":"2018-02-01T21:30:35","slug":"atelier-collaboratif-dessine-moi-un-abri-a-velos","status":"publish","type":"post","link":"https:\/\/leschouxlents.potager.org\/index.php\/2018\/02\/01\/atelier-collaboratif-dessine-moi-un-abri-a-velos\/","title":{"rendered":"Atelier collaboratif &#8211; Dessine moi un abri \u00e0 v\u00e9los"},"content":{"rendered":"<p> Les Choux Lents vous invitent \u00e0 participer \u00e0 :<\/p>\n<p><strong><em>un atelier collaboratif *<br \/>\n<br \/>&#8220;Dessine moi un abri \u00e0 v\u00e9los&#8221;<\/strong><\/em><\/p>\n<p>* ou workshop pour les habitu\u00e9s des anglicismes ! **<\/p>\n<h3>Pour quoi  faire?<\/h3>\n<p>Pour concevoir ensemble le futur abri \u00e0 v\u00e9los des Choux Lents.<\/p>\n<p>Eh oui, maintenant que tous les appartements (ou presque) sont finis, maintenant que tous les Choux Lents sont install\u00e9s, maintenant que l&#8217;isolation de la grange est termin\u00e9e (ou presque) et avant de pouvoir attaquer les travaux du Trait d&#8217;union, notre future salle commune, il nous faut faire de la place et en particulier trouver o\u00f9 abriter nos si nombreux v\u00e9los !<\/p>\n<h3>Pour qui ?<\/h3>\n<p>Tout Brocoli qui aurait envie de se frotter \u00e0 une exp\u00e9rience collaborative de conception.<br \/>\nEt en particulier pour nos cher.e.s Brocolis-archi-en-devenir !<\/p>\n<h3>Quand ?<\/h3>\n<p>Le samedi 3 f\u00e9vrier 2017 de 10h \u00e0 18h.<\/p>\n<h3>Comment ?<\/h3>\n<p>Dans la convivialit\u00e9 !<br \/>\nNous vous proposons un d\u00e9but d&#8217;atelier sur les coups de 10h, un repas de midi succulent comme nous en avons l&#8217;habitude, une fin d&#8217;atelier \u00e0 18h et, pour celles et ceux qui le souhaitent un ap\u00e9ro-diner-soir\u00e9e en notre agr\u00e9able compagnie pour finir cette journ\u00e9e en beaut\u00e9 !<\/p>\n<p>[|<img loading=\"lazy\" decoding=\"async\" class=\" aligncenter size-full wp-image-313\" src=\"http:\/\/leschouxlents.potager.org\/uploads\/2018\/02\/atelier-2.jpg\" alt=\"atelier-2.jpg\" align=\"center\" width=\"640\" height=\"164\" srcset=\"https:\/\/leschouxlents.potager.org\/uploads\/2018\/02\/atelier-2.jpg 640w, https:\/\/leschouxlents.potager.org\/uploads\/2018\/02\/atelier-2-300x77.jpg 300w\" sizes=\"auto, (max-width: 640px) 100vw, 640px\" \/>|]<\/p>\n<p><strong>** Un workshop, c\u2019est quoi\u2009? D\u00e9finition<\/strong><\/p>\n<p>Pour les amoureux du fran\u00e7ais, le mot workshop peut se traduire par atelier collaboratif. Une variante de la r\u00e9union de groupe, \u00e0 la diff\u00e9rence pr\u00e8s que tout le monde participe activement. Le sujet est d\u00e9fini \u00e0 l\u2019avance par les organisateurs, tout comme l\u2019objectif : construire une r\u00e9flexion, trouver une id\u00e9e, partager un savoir particulier, etc. Ce genre d\u2019\u00e9v\u00e8nement est organis\u00e9 par des entreprises pour les salari\u00e9s des diff\u00e9rents p\u00f4les ou par de grandes organisations.<\/p>\n<p>De plus en plus, les \u00e9tablissements d\u2019enseignement s\u2019emparent du concept. Vous trouverez notamment de nombreux workshops dans les \u00e9coles d\u2019art ou d\u2019architecture par exemple. Elles abritent des formations cr\u00e9atives, o\u00f9 le partage de connaissances est important pour construire des projets.<br \/>\nQui participe au workshop\u2009?<\/p>\n<p>Le public des workshops est divers. Il se compose \u00e0 la fois d\u2019experts du sujet, de curieux, de novices, d\u2019\u00e9tudiants, etc. S\u2019il est organis\u00e9 par une entreprise, il se peut qu\u2019il soit r\u00e9serv\u00e9 aux employ\u00e9s et intervenants invit\u00e9s. Dans les \u00e9coles, certains workshops sont ouverts aux non-\u00e9tudiants. D\u2019autres sont mis en place par des associations ou organismes et sont tr\u00e8s ouverts [Ah, \u00e7a, c&#8217;est nous !&#8230;]. Cette vari\u00e9t\u00e9 de l\u2019audience permet une vraie \u00e9mulation de connaissances et de savoirs. Cela permet de faire travailler ensemble des personnes qui ne le font pas habituellement, de leur permettre de se rencontrer et de les f\u00e9d\u00e9rer autour d\u2019un projet : c\u2019est le principe du team building.<\/p>\n<p>Un animateur est souvent d\u00e9sign\u00e9 pour que l\u2019atelier se passe au mieux. C\u2019est souvent la personne organisatrice du workshop qui h\u00e9rite de cette mission. Il est en charge de rendre cette forme de r\u00e9union ludique, pas ennuyeuse et constructive. Sacr\u00e9e mission\u2009!<\/p>\n<p>source : <a href=\" https:\/\/diplomeo.com\/actualite-workshop\"> https:\/\/diplomeo.com\/actualite-workshop<\/a><\/p>\n","protected":false},"excerpt":{"rendered":"<p>Les Choux Lents vous invitent \u00e0 participer \u00e0 : un atelier collaboratif * &#8220;Dessine moi un abri \u00e0 v\u00e9los&#8221; * ou workshop pour les habitu\u00e9s des anglicismes ! ** Pour quoi faire? Pour concevoir ensemble le futur abri \u00e0 v\u00e9los des Choux Lents. Eh oui, maintenant que tous les appartements (ou presque) sont finis, maintenant &#8230; <a title=\"Atelier collaboratif &#8211; Dessine moi un abri \u00e0 v\u00e9los\" class=\"read-more\" href=\"https:\/\/leschouxlents.potager.org\/index.php\/2018\/02\/01\/atelier-collaboratif-dessine-moi-un-abri-a-velos\/\" aria-label=\"Read more about Atelier collaboratif &#8211; Dessine moi un abri \u00e0 v\u00e9los\">Read more<\/a><\/p>\n","protected":false},"author":1,"featured_media":313,"comment_status":"closed","ping_status":"open","sticky":false,"template":"","format":"standard","meta":{"footnotes":""},"categories":[11],"tags":[],"class_list":["post-314","post","type-post","status-publish","format-standard","has-post-thumbnail","hentry","category-les-chantiers"],"_links":{"self":[{"href":"https:\/\/leschouxlents.potager.org\/index.php\/wp-json\/wp\/v2\/posts\/314","targetHints":{"allow":["GET"]}}],"collection":[{"href":"https:\/\/leschouxlents.potager.org\/index.php\/wp-json\/wp\/v2\/posts"}],"about":[{"href":"https:\/\/leschouxlents.potager.org\/index.php\/wp-json\/wp\/v2\/types\/post"}],"author":[{"embeddable":true,"href":"https:\/\/leschouxlents.potager.org\/index.php\/wp-json\/wp\/v2\/users\/1"}],"replies":[{"embeddable":true,"href":"https:\/\/leschouxlents.potager.org\/index.php\/wp-json\/wp\/v2\/comments?post=314"}],"version-history":[{"count":0,"href":"https:\/\/leschouxlents.potager.org\/index.php\/wp-json\/wp\/v2\/posts\/314\/revisions"}],"wp:featuredmedia":[{"embeddable":true,"href":"https:\/\/leschouxlents.potager.org\/index.php\/wp-json\/wp\/v2\/media\/313"}],"wp:attachment":[{"href":"https:\/\/leschouxlents.potager.org\/index.php\/wp-json\/wp\/v2\/media?parent=314"}],"wp:term":[{"taxonomy":"category","embeddable":true,"href":"https:\/\/leschouxlents.potager.org\/index.php\/wp-json\/wp\/v2\/categories?post=314"},{"taxonomy":"post_tag","embeddable":true,"href":"https:\/\/leschouxlents.potager.org\/index.php\/wp-json\/wp\/v2\/tags?post=314"}],"curies":[{"name":"wp","href":"https:\/\/api.w.org\/{rel}","templated":true}]}}