{"id":316,"date":"2018-04-23T14:04:55","date_gmt":"2018-04-23T14:04:55","guid":{"rendered":"https:\/\/leschouxlents.potager.org\/wordpress\/index.php\/2018\/04\/23\/portes-ouvertes-de-lhabitat-participatif\/"},"modified":"2018-04-23T14:04:55","modified_gmt":"2018-04-23T14:04:55","slug":"portes-ouvertes-de-lhabitat-participatif","status":"publish","type":"post","link":"https:\/\/leschouxlents.potager.org\/index.php\/2018\/04\/23\/portes-ouvertes-de-lhabitat-participatif\/","title":{"rendered":"Portes-ouvertes de l&#8217;habitat participatif"},"content":{"rendered":"<p>Les Choux Lents vous proposent des visites guid\u00e9es pour (re)d\u00e9couvrir cet habitat participatif <strong>le dimanche 27 mai de 14h \u00e0 17h<\/strong> (dernier d\u00e9part de visite \u00e0 16h30). <\/p>\n<p><img loading=\"lazy\" decoding=\"async\" class=\" aligncenter size-full wp-image-315\" src=\"http:\/\/leschouxlents.potager.org\/uploads\/2018\/04\/img_7915_petit.jpg\" alt=\"img_7915_petit.jpg\" align=\"center\" width=\"800\" height=\"533\" srcset=\"https:\/\/leschouxlents.potager.org\/uploads\/2018\/04\/img_7915_petit.jpg 800w, https:\/\/leschouxlents.potager.org\/uploads\/2018\/04\/img_7915_petit-300x200.jpg 300w, https:\/\/leschouxlents.potager.org\/uploads\/2018\/04\/img_7915_petit-768x512.jpg 768w\" sizes=\"auto, (max-width: 800px) 100vw, 800px\" \/><\/p>\n<p>Le groupe, qui existe depuis 2011 a pris possession de la b\u00e2tisse en 2012 et a r\u00e9nover petit \u00e0 petit 7 appartements et de nombreux espaces communs : salon, buanderie, chambres d&#8217;amis, cuisine, atelier bois&#8230;<\/p>\n<p>Une association permet d&#8217;organiser le vivre ensemble comme une flotte de v\u00e9hicule (3 voiture et 1 triporteur) ainsi que l&#8217;achat de l&#8217;alimentation.<\/p>\n<p>Nous vous proposons une visite d&#8217;environ 1h pour vous montrer notre lieu de vie et aborder avec vous certaines particularit\u00e9s de notre projet : le montage juridique, notre gouvernance, nos modes de communications&#8230;ect<\/p>\n<p>Nous vous attendons nombreux !<\/p>\n","protected":false},"excerpt":{"rendered":"<p>Les Choux Lents vous proposent des visites guid\u00e9es pour (re)d\u00e9couvrir cet habitat participatif le dimanche 27 mai de 14h \u00e0 17h (dernier d\u00e9part de visite \u00e0 16h30). Le groupe, qui existe depuis 2011 a pris possession de la b\u00e2tisse en 2012 et a r\u00e9nover petit \u00e0 petit 7 appartements et de nombreux espaces communs : &#8230; <a title=\"Portes-ouvertes de l&#8217;habitat participatif\" class=\"read-more\" href=\"https:\/\/leschouxlents.potager.org\/index.php\/2018\/04\/23\/portes-ouvertes-de-lhabitat-participatif\/\" aria-label=\"Read more about Portes-ouvertes de l&#8217;habitat participatif\">Read more<\/a><\/p>\n","protected":false},"author":1,"featured_media":315,"comment_status":"closed","ping_status":"open","sticky":false,"template":"","format":"standard","meta":{"footnotes":""},"categories":[12],"tags":[],"class_list":["post-316","post","type-post","status-publish","format-standard","has-post-thumbnail","hentry","category-les-evenements"],"_links":{"self":[{"href":"https:\/\/leschouxlents.potager.org\/index.php\/wp-json\/wp\/v2\/posts\/316","targetHints":{"allow":["GET"]}}],"collection":[{"href":"https:\/\/leschouxlents.potager.org\/index.php\/wp-json\/wp\/v2\/posts"}],"about":[{"href":"https:\/\/leschouxlents.potager.org\/index.php\/wp-json\/wp\/v2\/types\/post"}],"author":[{"embeddable":true,"href":"https:\/\/leschouxlents.potager.org\/index.php\/wp-json\/wp\/v2\/users\/1"}],"replies":[{"embeddable":true,"href":"https:\/\/leschouxlents.potager.org\/index.php\/wp-json\/wp\/v2\/comments?post=316"}],"version-history":[{"count":0,"href":"https:\/\/leschouxlents.potager.org\/index.php\/wp-json\/wp\/v2\/posts\/316\/revisions"}],"wp:featuredmedia":[{"embeddable":true,"href":"https:\/\/leschouxlents.potager.org\/index.php\/wp-json\/wp\/v2\/media\/315"}],"wp:attachment":[{"href":"https:\/\/leschouxlents.potager.org\/index.php\/wp-json\/wp\/v2\/media?parent=316"}],"wp:term":[{"taxonomy":"category","embeddable":true,"href":"https:\/\/leschouxlents.potager.org\/index.php\/wp-json\/wp\/v2\/categories?post=316"},{"taxonomy":"post_tag","embeddable":true,"href":"https:\/\/leschouxlents.potager.org\/index.php\/wp-json\/wp\/v2\/tags?post=316"}],"curies":[{"name":"wp","href":"https:\/\/api.w.org\/{rel}","templated":true}]}}