{"id":318,"date":"2018-06-09T14:12:22","date_gmt":"2018-06-09T14:12:22","guid":{"rendered":"https:\/\/leschouxlents.potager.org\/wordpress\/index.php\/2018\/06\/09\/chantier-dete-du-14-au-22-juillet\/"},"modified":"2018-06-09T14:12:22","modified_gmt":"2018-06-09T14:12:22","slug":"chantier-dete-du-14-au-22-juillet","status":"publish","type":"post","link":"https:\/\/leschouxlents.potager.org\/index.php\/2018\/06\/09\/chantier-dete-du-14-au-22-juillet\/","title":{"rendered":"Chantier d&#8217;\u00e9t\u00e9 : du 14 au 22 juillet"},"content":{"rendered":"<p>Nous vous invitons \u00e0 notre prochain chantier participatif, du samedi 14 au dimanche 22 juillet.<br \/>\nAu programme pour ce chantier (avant de construire, il va falloir d\u00e9truire un peu !) :<\/p>\n<p>&#8211; D\u00e9molition d&#8217;un b\u00e2timent complet avec tentative de sauvetage d\u2019une glycine et d\u2019un figuier<br \/>\n&#8211; Tuilage et am\u00e9nagement de l\u2019abri \u00e0 v\u00e9los<br \/>\n&#8211; Construction de rangements et am\u00e9nagement de l\u2019atelier \u00ab d\u00e9finitif \u00bb !<br \/>\n&#8211; Isolation thermique plafond<\/p>\n<p>Ces t\u00e2ches pr\u00e9visionnelles sont susceptibles d&#8217;\u00eatre modifi\u00e9es. Si vous \u00eates int\u00e9ress\u00e9.e.s sp\u00e9cifiquement par une t\u00e2che, n&#8217;h\u00e9sitez pas \u00e0 nous faire des demandes (et nous donner vos dispos), on s&#8217;organisera au mieux.<\/p>\n<p><strong>\u00c9quipements de protection individuelle :<\/strong><br \/>\nNous fournissons tous les \u00e9quipements de s\u00e9curit\u00e9 sauf les chaussures, pas toutes les pointures !<br \/>\n<br \/>Pr\u00e9voir des v\u00eatements adapt\u00e9s.<\/p>\n<p><strong>Mat\u00e9riels et outillages :<\/strong><br \/>\nNous fournissons tout le mat\u00e9riel.<\/p>\n<p><strong>H\u00e9bergement et restauration :<\/strong><br \/>\nLe matin, rendez-vous d\u00e8s 9h pour le caf\u00e9 et le brief du chantier du jour.<\/p>\n<p>N&#8217;h\u00e9sitez pas \u00e0 m&#8217;appeler pour toute question<br \/>\n(Marie au  06 22 15 53 23)<br \/>\n, et merci de me confirmer vos pr\u00e9sences !<\/p>\n<p><img loading=\"lazy\" decoding=\"async\" class=\" size-full wp-image-317\" src=\"http:\/\/leschouxlents.potager.org\/uploads\/2018\/06\/sci_table_en_u.jpg\" alt=\"sci_table_en_u.jpg\" width=\"700\" height=\"394\" srcset=\"https:\/\/leschouxlents.potager.org\/uploads\/2018\/06\/sci_table_en_u.jpg 700w, https:\/\/leschouxlents.potager.org\/uploads\/2018\/06\/sci_table_en_u-300x169.jpg 300w\" sizes=\"auto, (max-width: 700px) 100vw, 700px\" \/><\/p>\n<p><em>Comme d&#8217;hab, deux mots d&#8217;ordre sur le chantier : bonne humeur, entraide, on apprend en faisant. Chacun.e est libre de faire des pauses. Bien \u00e9videmment vos repas (bonnes bouffes bio \u00e0 tendances v\u00e9g\u00e9tariennes) et nuit\u00e9es vous sont chaleureusement offerts (dans la limite des places disponibles). De pr\u00e9f\u00e9rence, venez avec votre duvet ou sac de couchage, cela diminue la gestion des draps apr\u00e8s le chantier. Mais si ce n&#8217;est pas possible, nous avons des draps \u00e0 disposition.<\/em><\/p>\n<p>Enfin, si le programme reste encore \u00e0 construire, nous pr\u00e9voyons cette fois encore de vous concocter quelques activit\u00e9s hors chantier. Le chantier s&#8217;ouvrira d\u00e8s le vendredi 13 au soir avec le bal de Saint Germain au Mont d&#8217;or ou mini-festival local. Ensuite  ? Une projection de film ? Soir\u00e9e &#8220;Yakzhof&#8221; ? Et bien s\u00fbr <a href=\" article286\">un concert de fin de chantier <\/a> !<\/p>\n","protected":false},"excerpt":{"rendered":"<p>Nous vous invitons \u00e0 notre prochain chantier participatif, du samedi 14 au dimanche 22 juillet. Au programme pour ce chantier (avant de construire, il va falloir d\u00e9truire un peu !) : &#8211; D\u00e9molition d&#8217;un b\u00e2timent complet avec tentative de sauvetage d\u2019une glycine et d\u2019un figuier &#8211; Tuilage et am\u00e9nagement de l\u2019abri \u00e0 v\u00e9los &#8211; Construction &#8230; <a title=\"Chantier d&#8217;\u00e9t\u00e9 : du 14 au 22 juillet\" class=\"read-more\" href=\"https:\/\/leschouxlents.potager.org\/index.php\/2018\/06\/09\/chantier-dete-du-14-au-22-juillet\/\" aria-label=\"Read more about Chantier d&#8217;\u00e9t\u00e9 : du 14 au 22 juillet\">Read more<\/a><\/p>\n","protected":false},"author":1,"featured_media":317,"comment_status":"closed","ping_status":"open","sticky":false,"template":"","format":"standard","meta":{"footnotes":""},"categories":[11],"tags":[],"class_list":["post-318","post","type-post","status-publish","format-standard","has-post-thumbnail","hentry","category-les-chantiers"],"_links":{"self":[{"href":"https:\/\/leschouxlents.potager.org\/index.php\/wp-json\/wp\/v2\/posts\/318","targetHints":{"allow":["GET"]}}],"collection":[{"href":"https:\/\/leschouxlents.potager.org\/index.php\/wp-json\/wp\/v2\/posts"}],"about":[{"href":"https:\/\/leschouxlents.potager.org\/index.php\/wp-json\/wp\/v2\/types\/post"}],"author":[{"embeddable":true,"href":"https:\/\/leschouxlents.potager.org\/index.php\/wp-json\/wp\/v2\/users\/1"}],"replies":[{"embeddable":true,"href":"https:\/\/leschouxlents.potager.org\/index.php\/wp-json\/wp\/v2\/comments?post=318"}],"version-history":[{"count":0,"href":"https:\/\/leschouxlents.potager.org\/index.php\/wp-json\/wp\/v2\/posts\/318\/revisions"}],"wp:featuredmedia":[{"embeddable":true,"href":"https:\/\/leschouxlents.potager.org\/index.php\/wp-json\/wp\/v2\/media\/317"}],"wp:attachment":[{"href":"https:\/\/leschouxlents.potager.org\/index.php\/wp-json\/wp\/v2\/media?parent=318"}],"wp:term":[{"taxonomy":"category","embeddable":true,"href":"https:\/\/leschouxlents.potager.org\/index.php\/wp-json\/wp\/v2\/categories?post=318"},{"taxonomy":"post_tag","embeddable":true,"href":"https:\/\/leschouxlents.potager.org\/index.php\/wp-json\/wp\/v2\/tags?post=318"}],"curies":[{"name":"wp","href":"https:\/\/api.w.org\/{rel}","templated":true}]}}