{"id":320,"date":"2018-06-19T08:59:29","date_gmt":"2018-06-19T08:59:29","guid":{"rendered":"https:\/\/leschouxlents.potager.org\/wordpress\/index.php\/2018\/06\/19\/les-boccara\/"},"modified":"2018-06-19T08:59:29","modified_gmt":"2018-06-19T08:59:29","slug":"les-boccara","status":"publish","type":"post","link":"https:\/\/leschouxlents.potager.org\/index.php\/2018\/06\/19\/les-boccara\/","title":{"rendered":"Les Boccara"},"content":{"rendered":"<p>A l&#8217;occasion de <a href=\" article285\">notre prochain chantier participatif <\/a>, les Choux Lents vous invitent \u00e0 une nouvelle soir\u00e9e musicale.<\/p>\n<p>[|<img loading=\"lazy\" decoding=\"async\" class=\" aligncenter size-full wp-image-319\" src=\"http:\/\/leschouxlents.potager.org\/uploads\/2018\/06\/les_boccara.jpg\" alt=\"les_boccara.jpg\" align=\"center\" width=\"640\" height=\"480\" srcset=\"https:\/\/leschouxlents.potager.org\/uploads\/2018\/06\/les_boccara.jpg 640w, https:\/\/leschouxlents.potager.org\/uploads\/2018\/06\/les_boccara-300x225.jpg 300w\" sizes=\"auto, (max-width: 640px) 100vw, 640px\" \/><\/p>\n<p>Musique multigenre et humaniste<br \/>\n<br \/>(Electro, pop, hip hop, chanson fran\u00e7aise\u2026)<br \/>\n|]<\/p>\n<blockquote>\n<p><em><br \/>\nFr\u00e8re&#8230;<\/p>\n<p>Fr\u00e8re, \u00e7a te parle, qui que tu sois, quels que soient tes go\u00fbts- bonne vieille chanson fran\u00e7aise ou belle et jeune pop, hip hop, \u00e9lectro,\u2026<\/p>\n<p>Fr\u00e8re, \u00e7a te parle, qui que tu sois, quels que soient tes origines, boubou, baba, barge, bourge ou bobo.<\/p>\n<p>Fr\u00e8re, \u00e7a te parle, quelque soit ta religion ou tes convictions, pour retrouver notre fraternit\u00e9  avant que nos diff\u00e9rences fassent de nous des ennemi\u00b7e\u00b7s.<\/p>\n<p>Fr\u00e8re, c\u2019est des paroles et des musiques multi-genres, pour faire la lumi\u00e8re dans nos nuits,  casser nos murs, et que s\u2019\u00e9clatent nos petites bulles.<\/p>\n<p>Fr\u00e8re, c\u2019est textes simples et sensibles pour parler \u00e0 tout le monde et que tout le monde se parle.<\/p>\n<p> Bref, Fr\u00e8re fait de la musique par espoir et envie d\u2019agir, envie de soleil et de sortir la t\u00eate de ce temps trop sale et gris.<br \/>\n<\/em>\n<\/p><\/blockquote>\n<p>rdv aux Choux Lents<br \/>\n<br \/>19h30  Repas&#038;Buvette partag\u00e9s : chacun am\u00e8ne un plat, une boisson<br \/>\n<br \/>20h30 concert<br \/>\n<br \/>Entr\u00e9e libre &#8211; participation au chapeau<\/p>\n","protected":false},"excerpt":{"rendered":"<p>A l&#8217;occasion de notre prochain chantier participatif , les Choux Lents vous invitent \u00e0 une nouvelle soir\u00e9e musicale. [| Musique multigenre et humaniste (Electro, pop, hip hop, chanson fran\u00e7aise\u2026) |] Fr\u00e8re&#8230; Fr\u00e8re, \u00e7a te parle, qui que tu sois, quels que soient tes go\u00fbts- bonne vieille chanson fran\u00e7aise ou belle et jeune pop, hip hop, &#8230; <a title=\"Les Boccara\" class=\"read-more\" href=\"https:\/\/leschouxlents.potager.org\/index.php\/2018\/06\/19\/les-boccara\/\" aria-label=\"Read more about Les Boccara\">Read more<\/a><\/p>\n","protected":false},"author":1,"featured_media":319,"comment_status":"closed","ping_status":"open","sticky":false,"template":"","format":"standard","meta":{"footnotes":""},"categories":[12],"tags":[],"class_list":["post-320","post","type-post","status-publish","format-standard","has-post-thumbnail","hentry","category-les-evenements"],"_links":{"self":[{"href":"https:\/\/leschouxlents.potager.org\/index.php\/wp-json\/wp\/v2\/posts\/320","targetHints":{"allow":["GET"]}}],"collection":[{"href":"https:\/\/leschouxlents.potager.org\/index.php\/wp-json\/wp\/v2\/posts"}],"about":[{"href":"https:\/\/leschouxlents.potager.org\/index.php\/wp-json\/wp\/v2\/types\/post"}],"author":[{"embeddable":true,"href":"https:\/\/leschouxlents.potager.org\/index.php\/wp-json\/wp\/v2\/users\/1"}],"replies":[{"embeddable":true,"href":"https:\/\/leschouxlents.potager.org\/index.php\/wp-json\/wp\/v2\/comments?post=320"}],"version-history":[{"count":0,"href":"https:\/\/leschouxlents.potager.org\/index.php\/wp-json\/wp\/v2\/posts\/320\/revisions"}],"wp:featuredmedia":[{"embeddable":true,"href":"https:\/\/leschouxlents.potager.org\/index.php\/wp-json\/wp\/v2\/media\/319"}],"wp:attachment":[{"href":"https:\/\/leschouxlents.potager.org\/index.php\/wp-json\/wp\/v2\/media?parent=320"}],"wp:term":[{"taxonomy":"category","embeddable":true,"href":"https:\/\/leschouxlents.potager.org\/index.php\/wp-json\/wp\/v2\/categories?post=320"},{"taxonomy":"post_tag","embeddable":true,"href":"https:\/\/leschouxlents.potager.org\/index.php\/wp-json\/wp\/v2\/tags?post=320"}],"curies":[{"name":"wp","href":"https:\/\/api.w.org\/{rel}","templated":true}]}}