{"id":324,"date":"2018-09-21T19:00:00","date_gmt":"2018-09-21T19:00:00","guid":{"rendered":"https:\/\/leschouxlents.potager.org\/wordpress\/index.php\/2018\/09\/21\/theatre-aux-choux-lents-le-28-septembre\/"},"modified":"2018-09-21T19:00:00","modified_gmt":"2018-09-21T19:00:00","slug":"theatre-aux-choux-lents-le-28-septembre","status":"publish","type":"post","link":"https:\/\/leschouxlents.potager.org\/index.php\/2018\/09\/21\/theatre-aux-choux-lents-le-28-septembre\/","title":{"rendered":"Th\u00e9\u00e2tre aux Choux Lents le 28 Septembre !"},"content":{"rendered":"<p>Chers et ch\u00e8res ami.e.s des ChouxLents,<\/p>\n<p>Nous vous proposons en cette rentr\u00e9e estivale une soir\u00e9e exceptionnelle vendredi 28 septembre :<\/p>\n<p>La <a href=\"http:\/\/www.arnoldschmurz.org\/\">Compagnie Arnold Schm\u00fcrz<\/a>, jeune compagnie de th\u00e9\u00e2tre lyonnaise, nous pr\u00e9sentera son interpr\u00e9tation originale de <a href=\"http:\/\/www.arnoldschmurz.org\/nos-spectacles\/la-cantatrice-chauve-2018\">La Cantatrice chauve<\/a>, d&#8217;Eug\u00e8ne Ionesco, mise en sc\u00e8ne en appartement au RDC de &#8220;la grange&#8221;.<\/p>\n<p>[*<strong>le vendredi 28 Septembre<br \/>\n\u00ab La Cantatrice chauve \u00bb<br \/>\n d&#8217;Eug\u00e8ne Ionesco<\/strong>*]<\/p>\n<p><img loading=\"lazy\" decoding=\"async\" class=\" aligncenter size-full wp-image-323\" src=\"http:\/\/leschouxlents.potager.org\/uploads\/2018\/09\/cantatrice_chauve.jpg\" alt=\"cantatrice_chauve.jpg\" align=\"center\" width=\"591\" height=\"836\" srcset=\"https:\/\/leschouxlents.potager.org\/uploads\/2018\/09\/cantatrice_chauve.jpg 591w, https:\/\/leschouxlents.potager.org\/uploads\/2018\/09\/cantatrice_chauve-212x300.jpg 212w\" sizes=\"auto, (max-width: 591px) 100vw, 591px\" \/> <\/p>\n<p>D\u00e9roulement de la soir\u00e9e :<br \/>\n<strong>19h30<\/strong> Repas&#038;Buvette partag\u00e9s : chacun am\u00e8ne un plat, une boisson.<br \/>\n<strong>20h00<\/strong> place aux artistes ! (soyez \u00e0 l&#8217;heure svp pour ne pas perturber le spectacle)<br \/>\nEntr\u00e9e libre &#8211; participation au chapeau.<br \/>\n[**Inscription obligatoire*] (jauge limit\u00e9e car spectacle en appartement) par mail \u00e0 [*les-choux-lents@potager.org*].<br \/>\nNous vous confirmerons votre inscription par retour de mail.<\/p>\n<p>Les ChouxLents<br \/>\n19 Avenue de la R\u00e9sistance<br \/>\n69650 Saint Germain au Mont d&#8217;Or.<br \/>\nAccessible en train (15min) depuis Lyon, puis 15-20min de marche.<br \/>\nDernier train pour LyonPD \u00e0 22h31.<\/p>\n","protected":false},"excerpt":{"rendered":"<p>Chers et ch\u00e8res ami.e.s des ChouxLents, Nous vous proposons en cette rentr\u00e9e estivale une soir\u00e9e exceptionnelle vendredi 28 septembre : La Compagnie Arnold Schm\u00fcrz, jeune compagnie de th\u00e9\u00e2tre lyonnaise, nous pr\u00e9sentera son interpr\u00e9tation originale de La Cantatrice chauve, d&#8217;Eug\u00e8ne Ionesco, mise en sc\u00e8ne en appartement au RDC de &#8220;la grange&#8221;. [*le vendredi 28 Septembre \u00ab &#8230; <a title=\"Th\u00e9\u00e2tre aux Choux Lents le 28 Septembre !\" class=\"read-more\" href=\"https:\/\/leschouxlents.potager.org\/index.php\/2018\/09\/21\/theatre-aux-choux-lents-le-28-septembre\/\" aria-label=\"Read more about Th\u00e9\u00e2tre aux Choux Lents le 28 Septembre !\">Read more<\/a><\/p>\n","protected":false},"author":1,"featured_media":323,"comment_status":"closed","ping_status":"open","sticky":false,"template":"","format":"standard","meta":{"footnotes":""},"categories":[12],"tags":[],"class_list":["post-324","post","type-post","status-publish","format-standard","has-post-thumbnail","hentry","category-les-evenements"],"_links":{"self":[{"href":"https:\/\/leschouxlents.potager.org\/index.php\/wp-json\/wp\/v2\/posts\/324","targetHints":{"allow":["GET"]}}],"collection":[{"href":"https:\/\/leschouxlents.potager.org\/index.php\/wp-json\/wp\/v2\/posts"}],"about":[{"href":"https:\/\/leschouxlents.potager.org\/index.php\/wp-json\/wp\/v2\/types\/post"}],"author":[{"embeddable":true,"href":"https:\/\/leschouxlents.potager.org\/index.php\/wp-json\/wp\/v2\/users\/1"}],"replies":[{"embeddable":true,"href":"https:\/\/leschouxlents.potager.org\/index.php\/wp-json\/wp\/v2\/comments?post=324"}],"version-history":[{"count":0,"href":"https:\/\/leschouxlents.potager.org\/index.php\/wp-json\/wp\/v2\/posts\/324\/revisions"}],"wp:featuredmedia":[{"embeddable":true,"href":"https:\/\/leschouxlents.potager.org\/index.php\/wp-json\/wp\/v2\/media\/323"}],"wp:attachment":[{"href":"https:\/\/leschouxlents.potager.org\/index.php\/wp-json\/wp\/v2\/media?parent=324"}],"wp:term":[{"taxonomy":"category","embeddable":true,"href":"https:\/\/leschouxlents.potager.org\/index.php\/wp-json\/wp\/v2\/categories?post=324"},{"taxonomy":"post_tag","embeddable":true,"href":"https:\/\/leschouxlents.potager.org\/index.php\/wp-json\/wp\/v2\/tags?post=324"}],"curies":[{"name":"wp","href":"https:\/\/api.w.org\/{rel}","templated":true}]}}