{"id":327,"date":"2019-01-20T22:24:04","date_gmt":"2019-01-20T22:24:04","guid":{"rendered":"https:\/\/leschouxlents.potager.org\/wordpress\/index.php\/2019\/01\/20\/carte-de-voeux-2019\/"},"modified":"2019-01-20T22:24:04","modified_gmt":"2019-01-20T22:24:04","slug":"carte-de-voeux-2019","status":"publish","type":"post","link":"https:\/\/leschouxlents.potager.org\/index.php\/2019\/01\/20\/carte-de-voeux-2019\/","title":{"rendered":"Carte de voeux 2019"},"content":{"rendered":"<p>[|<strong><em>**Les Choux Lents vous pr\u00e9sentent leurs meilleurs v\u0153ux pour cette nouvelle ann\u00e9e avec<br \/>\n<br \/>lucidit\u00e9, solidarit\u00e9, radicalit\u00e9 !*<\/strong><\/em>|]<\/p>\n<p>[|<video605>|]<\/p>\n<blockquote><p>\u00abConstruisons ensemble les r\u00e9seaux qui permettrons<br \/>\nau plus grand nombre de r\u00e9sister, au plus pr\u00e9caire d&#8217;entre nous de r\u00e9apprendre \u00e0 vivre \u00bb<\/p>\n<p>\u00ab Construisons d&#8217;autres modes de vie, solidaires, r\u00e9silients \u00bb<\/p>\n<p>\u00ab Tout ce que nous apprendrons \u00e0 faire ensemble aujourd&#8217;hui sera utile plus tard \u00bb<\/p>\n<p>\u00ab Il n&#8217;est jamais trop tard pour \u00e9viter le pire \u00bb<\/p>\n<p>\u00ab Chaque espace de vie et de libert\u00e9 pr\u00e9serv\u00e9 par nos actions compte \u00bb<\/p><\/blockquote>\n<p>* Ces citations ainsi que la fin de notre vid\u00e9o sont extraites <a href=\" https:\/\/www.youtube.com\/watch?v=Lw0ioljqNpo&#038;feature=share\">des  v\u0153ux de Vincent Verzat <\/a>.<br \/>\n<br \/>Merci \u00e0 lui !<\/p>\n","protected":false},"excerpt":{"rendered":"<p>[|**Les Choux Lents vous pr\u00e9sentent leurs meilleurs v\u0153ux pour cette nouvelle ann\u00e9e avec lucidit\u00e9, solidarit\u00e9, radicalit\u00e9 !*|] [||] \u00abConstruisons ensemble les r\u00e9seaux qui permettrons au plus grand nombre de r\u00e9sister, au plus pr\u00e9caire d&#8217;entre nous de r\u00e9apprendre \u00e0 vivre \u00bb \u00ab Construisons d&#8217;autres modes de vie, solidaires, r\u00e9silients \u00bb \u00ab Tout ce que nous apprendrons &#8230; <a title=\"Carte de voeux 2019\" class=\"read-more\" href=\"https:\/\/leschouxlents.potager.org\/index.php\/2019\/01\/20\/carte-de-voeux-2019\/\" aria-label=\"Read more about Carte de voeux 2019\">Read more<\/a><\/p>\n","protected":false},"author":1,"featured_media":0,"comment_status":"closed","ping_status":"open","sticky":false,"template":"","format":"standard","meta":{"footnotes":""},"categories":[10],"tags":[],"class_list":["post-327","post","type-post","status-publish","format-standard","hentry","category-feuilles-de-chou"],"_links":{"self":[{"href":"https:\/\/leschouxlents.potager.org\/index.php\/wp-json\/wp\/v2\/posts\/327","targetHints":{"allow":["GET"]}}],"collection":[{"href":"https:\/\/leschouxlents.potager.org\/index.php\/wp-json\/wp\/v2\/posts"}],"about":[{"href":"https:\/\/leschouxlents.potager.org\/index.php\/wp-json\/wp\/v2\/types\/post"}],"author":[{"embeddable":true,"href":"https:\/\/leschouxlents.potager.org\/index.php\/wp-json\/wp\/v2\/users\/1"}],"replies":[{"embeddable":true,"href":"https:\/\/leschouxlents.potager.org\/index.php\/wp-json\/wp\/v2\/comments?post=327"}],"version-history":[{"count":0,"href":"https:\/\/leschouxlents.potager.org\/index.php\/wp-json\/wp\/v2\/posts\/327\/revisions"}],"wp:attachment":[{"href":"https:\/\/leschouxlents.potager.org\/index.php\/wp-json\/wp\/v2\/media?parent=327"}],"wp:term":[{"taxonomy":"category","embeddable":true,"href":"https:\/\/leschouxlents.potager.org\/index.php\/wp-json\/wp\/v2\/categories?post=327"},{"taxonomy":"post_tag","embeddable":true,"href":"https:\/\/leschouxlents.potager.org\/index.php\/wp-json\/wp\/v2\/tags?post=327"}],"curies":[{"name":"wp","href":"https:\/\/api.w.org\/{rel}","templated":true}]}}