{"id":330,"date":"2019-02-12T10:43:06","date_gmt":"2019-02-12T10:43:06","guid":{"rendered":"https:\/\/leschouxlents.potager.org\/wordpress\/index.php\/2019\/02\/12\/terriennes\/"},"modified":"2019-02-12T10:43:06","modified_gmt":"2019-02-12T10:43:06","slug":"terriennes","status":"publish","type":"post","link":"https:\/\/leschouxlents.potager.org\/index.php\/2019\/02\/12\/terriennes\/","title":{"rendered":"TERRIENNES"},"content":{"rendered":"<p>A l&#8217;occasion de <a href=\" article292\">notre prochain chantier participatif <\/a>, les Choux Lents vous invitent \u00e0 une nouvelle soir\u00e9e musicale.<\/p>\n<p>[|<\/p>\n<h2>TERRIENNES<\/h2>\n<h3>Isabel Est\u00e9vez    &#038;    Anna Hom\u00e8re<\/h3>\n<p>|]<\/p>\n<blockquote>\n<p><em><\/p>\n<p>Il y a 50 ans, Isabel chantait Joan Baez, et Anna ses premi\u00e8res phrases&#8230;<\/p>\n<p>Aujourd\u2019hui, elles interpr\u00e8tent ensemble<br \/>\ndes chansons qui parlent d\u2019amiti\u00e9, d\u2019amour, d\u2019\u00e9preuves et de r\u00eaves, de gu\u00e9rison, de paix et de libert\u00e9.<\/p>\n<p>Isabel les \u00e9crit, avec piano et guitare,<br \/>\nles chante en fran\u00e7ais, anglais, ou en espagnol.<\/p>\n<p>Anna leur offre sa cr\u00e9ativit\u00e9, son expertise,<br \/>\net le velout\u00e9 de sa fl\u00fbte complice.<br \/>\n<\/em>\n<\/p><\/blockquote>\n<p>rdv aux Choux Lents<br \/>\n<br \/>19h30  Repas&#038;Buvette partag\u00e9s : chacun am\u00e8ne un plat, une boisson<br \/>\n<br \/>20h30 concert<br \/>\n<br \/>Entr\u00e9e libre &#8211; participation au chapeau<br \/>\n<br \/>Attention : places limit\u00e9es, r\u00e9servation recommand\u00e9e<\/p>\n","protected":false},"excerpt":{"rendered":"<p>A l&#8217;occasion de notre prochain chantier participatif , les Choux Lents vous invitent \u00e0 une nouvelle soir\u00e9e musicale. [| TERRIENNES Isabel Est\u00e9vez &#038; Anna Hom\u00e8re |] Il y a 50 ans, Isabel chantait Joan Baez, et Anna ses premi\u00e8res phrases&#8230; Aujourd\u2019hui, elles interpr\u00e8tent ensemble des chansons qui parlent d\u2019amiti\u00e9, d\u2019amour, d\u2019\u00e9preuves et de r\u00eaves, de &#8230; <a title=\"TERRIENNES\" class=\"read-more\" href=\"https:\/\/leschouxlents.potager.org\/index.php\/2019\/02\/12\/terriennes\/\" aria-label=\"Read more about TERRIENNES\">Read more<\/a><\/p>\n","protected":false},"author":1,"featured_media":0,"comment_status":"closed","ping_status":"open","sticky":false,"template":"","format":"standard","meta":{"footnotes":""},"categories":[12],"tags":[],"class_list":["post-330","post","type-post","status-publish","format-standard","hentry","category-les-evenements"],"_links":{"self":[{"href":"https:\/\/leschouxlents.potager.org\/index.php\/wp-json\/wp\/v2\/posts\/330","targetHints":{"allow":["GET"]}}],"collection":[{"href":"https:\/\/leschouxlents.potager.org\/index.php\/wp-json\/wp\/v2\/posts"}],"about":[{"href":"https:\/\/leschouxlents.potager.org\/index.php\/wp-json\/wp\/v2\/types\/post"}],"author":[{"embeddable":true,"href":"https:\/\/leschouxlents.potager.org\/index.php\/wp-json\/wp\/v2\/users\/1"}],"replies":[{"embeddable":true,"href":"https:\/\/leschouxlents.potager.org\/index.php\/wp-json\/wp\/v2\/comments?post=330"}],"version-history":[{"count":0,"href":"https:\/\/leschouxlents.potager.org\/index.php\/wp-json\/wp\/v2\/posts\/330\/revisions"}],"wp:attachment":[{"href":"https:\/\/leschouxlents.potager.org\/index.php\/wp-json\/wp\/v2\/media?parent=330"}],"wp:term":[{"taxonomy":"category","embeddable":true,"href":"https:\/\/leschouxlents.potager.org\/index.php\/wp-json\/wp\/v2\/categories?post=330"},{"taxonomy":"post_tag","embeddable":true,"href":"https:\/\/leschouxlents.potager.org\/index.php\/wp-json\/wp\/v2\/tags?post=330"}],"curies":[{"name":"wp","href":"https:\/\/api.w.org\/{rel}","templated":true}]}}