{"id":337,"date":"2019-06-13T11:15:08","date_gmt":"2019-06-13T11:15:08","guid":{"rendered":"https:\/\/leschouxlents.potager.org\/wordpress\/index.php\/2019\/06\/13\/comme-un-chou-sur-un-toit-brulant\/"},"modified":"2019-06-13T11:15:08","modified_gmt":"2019-06-13T11:15:08","slug":"comme-un-chou-sur-un-toit-brulant","status":"publish","type":"post","link":"https:\/\/leschouxlents.potager.org\/index.php\/2019\/06\/13\/comme-un-chou-sur-un-toit-brulant\/","title":{"rendered":"Comme un Chou sur un toit br\u00fblant"},"content":{"rendered":"<p>Les travaux continuent autour du TdU ou Trait d&#8217;Union, notre future salle commune, lieu de convivialit\u00e9 pour les habitants des Choux Lents et le reste du monde !<\/p>\n<p>Nous vous invitons \u00e0 notre prochain chantier participatif, <strong>du samedi 29 juin au dimanche 7 juillet<\/strong>.<br \/>\nAu programme pour ce chantier, nous continuerons \u00e0 jouer aux charpentiers et couvreurs :<\/p>\n<p>&#8211;    Moisage (renforcement) de la charpente<br \/>\n&#8211;    Prolongement de la charpente et couverture<br \/>\n&#8211;    Construction d\u2019une mezzanine<br \/>\n&#8211;    Isolation de la salle d\u2019eau \/ loge<\/p>\n<p>[|<article297|cycle>|]<\/p>\n<p> Ces t\u00e2ches pr\u00e9visionnelles sont susceptibles d&#8217;\u00eatre modifi\u00e9es. Si vous \u00eates int\u00e9ress\u00e9\u00b7e\u00b7s sp\u00e9cifiquement par une t\u00e2che, n&#8217;h\u00e9sitez pas \u00e0 nous faire des demandes (et nous donner vos dispos), on s&#8217;organisera au mieux.  <\/p>\n<p>Le matin, rendez-vous d\u00e8s 9h pour le caf\u00e9 et le brief du chantier du jour.<br \/>\nN&#8217;h\u00e9sitez pas \u00e0 m&#8217;appeler pour toute question, et merci de me confirmer vos pr\u00e9sences ! (<a href=\" les-choux-lents@potager.org\"> <\/a> &#8211; 06 52 83 04 90)<\/p>\n<p>Deux mots d&#8217;ordre sur le chantier : bonne humeur, entraide, on apprend en faisant. Chacun.e est libre de faire des pauses.  Bien \u00e9videmment vos repas (bonnes bouffes bio \u00e0 tendances v\u00e9g\u00e9tariennes) et nuit\u00e9es vous sont chaleureusement offerts (dans la limite des places disponibles + si vous pouvez amener un sac de couchage, \u00e7a nous fait moins de lessives !).<\/p>\n<p>Enfin, si le programme reste encore \u00e0 construire, nous pr\u00e9voyons cette fois encore de vous concocter quelques activit\u00e9s hors chantier. Visite des Choux Lents, p\u00e9tanque \/ Molky, jeux ou musique. Et bien s\u00fbr nous finirons avec un concert ! <\/p>\n<p>A tr\u00e8s bient\u00f4t !<\/p>\n<p>Contact\/questions\/inscription : Olivier &#8211; <a href=\" les-choux-lents@potager.org\"> <\/a> &#8211; 06 52 83 04 90<\/p>\n","protected":false},"excerpt":{"rendered":"<p>Les travaux continuent autour du TdU ou Trait d&#8217;Union, notre future salle commune, lieu de convivialit\u00e9 pour les habitants des Choux Lents et le reste du monde ! Nous vous invitons \u00e0 notre prochain chantier participatif, du samedi 29 juin au dimanche 7 juillet. Au programme pour ce chantier, nous continuerons \u00e0 jouer aux charpentiers &#8230; <a title=\"Comme un Chou sur un toit br\u00fblant\" class=\"read-more\" href=\"https:\/\/leschouxlents.potager.org\/index.php\/2019\/06\/13\/comme-un-chou-sur-un-toit-brulant\/\" aria-label=\"Read more about Comme un Chou sur un toit br\u00fblant\">Read more<\/a><\/p>\n","protected":false},"author":1,"featured_media":0,"comment_status":"closed","ping_status":"open","sticky":false,"template":"","format":"standard","meta":{"footnotes":""},"categories":[11],"tags":[],"class_list":["post-337","post","type-post","status-publish","format-standard","hentry","category-les-chantiers"],"_links":{"self":[{"href":"https:\/\/leschouxlents.potager.org\/index.php\/wp-json\/wp\/v2\/posts\/337","targetHints":{"allow":["GET"]}}],"collection":[{"href":"https:\/\/leschouxlents.potager.org\/index.php\/wp-json\/wp\/v2\/posts"}],"about":[{"href":"https:\/\/leschouxlents.potager.org\/index.php\/wp-json\/wp\/v2\/types\/post"}],"author":[{"embeddable":true,"href":"https:\/\/leschouxlents.potager.org\/index.php\/wp-json\/wp\/v2\/users\/1"}],"replies":[{"embeddable":true,"href":"https:\/\/leschouxlents.potager.org\/index.php\/wp-json\/wp\/v2\/comments?post=337"}],"version-history":[{"count":0,"href":"https:\/\/leschouxlents.potager.org\/index.php\/wp-json\/wp\/v2\/posts\/337\/revisions"}],"wp:attachment":[{"href":"https:\/\/leschouxlents.potager.org\/index.php\/wp-json\/wp\/v2\/media?parent=337"}],"wp:term":[{"taxonomy":"category","embeddable":true,"href":"https:\/\/leschouxlents.potager.org\/index.php\/wp-json\/wp\/v2\/categories?post=337"},{"taxonomy":"post_tag","embeddable":true,"href":"https:\/\/leschouxlents.potager.org\/index.php\/wp-json\/wp\/v2\/tags?post=337"}],"curies":[{"name":"wp","href":"https:\/\/api.w.org\/{rel}","templated":true}]}}