{"id":339,"date":"2019-06-13T14:22:28","date_gmt":"2019-06-13T14:22:28","guid":{"rendered":"https:\/\/leschouxlents.potager.org\/wordpress\/index.php\/2019\/06\/13\/un-recital-gesticule-aux-choux-lents\/"},"modified":"2019-06-13T14:22:28","modified_gmt":"2019-06-13T14:22:28","slug":"un-recital-gesticule-aux-choux-lents","status":"publish","type":"post","link":"https:\/\/leschouxlents.potager.org\/index.php\/2019\/06\/13\/un-recital-gesticule-aux-choux-lents\/","title":{"rendered":"un r\u00e9cital gesticul\u00e9 aux Choux Lents"},"content":{"rendered":"<p>Que vous connaissiez ou non les &#8220;conf\u00e9rences gesticul\u00e9es&#8221;, les Choux Lents vous invitent le mardi 2 juillet pour une version revisit\u00e9e  du genre avec un<\/p>\n<p>[|<br \/>\n<strong><em>r\u00e9cital gesticul\u00e9<br \/>\n<br \/>\u00ab autour du piano \u00bb <\/strong><\/em><\/p>\n<p><img loading=\"lazy\" decoding=\"async\" class=\" aligncenter size-full wp-image-338\" src=\"http:\/\/leschouxlents.potager.org\/uploads\/2019\/06\/ludo.png\" alt=\"ludo.png\" align=\"center\" width=\"300\" height=\"267\" \/>|]<\/p>\n<p><em> Ludovic retrace l&#8217;histoire du piano en interpr\u00e9tant et commentant des \u0153uvres classiques de Bach \u00e0 Ginastera.<\/p>\n<p>Pianiste amateur depuis l&#8217;\u00e2ge de 7 ans, il partage joyeusement sa passion pour cet instrument dans un spectacle interactif m\u00ealant anecdotes sur la vie des compositeurs, explications techniques sur l&#8217;instrument et nouvelles exp\u00e9riences d&#8217;\u00e9coute pour (re)d\u00e9couvrir les plus belles pages du r\u00e9pertoire pianistique.<br \/>\n<\/em><\/p>\n<p>19h00  Repas&#038;Buvette partag\u00e9s : chacun am\u00e8ne un plat, une boisson<br \/>\n<br \/>20h00 spectacle<br \/>\n<br \/>Entr\u00e9e libre &#8211; participation au chapeau<\/p>\n","protected":false},"excerpt":{"rendered":"<p>Que vous connaissiez ou non les &#8220;conf\u00e9rences gesticul\u00e9es&#8221;, les Choux Lents vous invitent le mardi 2 juillet pour une version revisit\u00e9e du genre avec un [| r\u00e9cital gesticul\u00e9 \u00ab autour du piano \u00bb |] Ludovic retrace l&#8217;histoire du piano en interpr\u00e9tant et commentant des \u0153uvres classiques de Bach \u00e0 Ginastera. Pianiste amateur depuis l&#8217;\u00e2ge de &#8230; <a title=\"un r\u00e9cital gesticul\u00e9 aux Choux Lents\" class=\"read-more\" href=\"https:\/\/leschouxlents.potager.org\/index.php\/2019\/06\/13\/un-recital-gesticule-aux-choux-lents\/\" aria-label=\"Read more about un r\u00e9cital gesticul\u00e9 aux Choux Lents\">Read more<\/a><\/p>\n","protected":false},"author":1,"featured_media":338,"comment_status":"closed","ping_status":"open","sticky":false,"template":"","format":"standard","meta":{"footnotes":""},"categories":[12],"tags":[],"class_list":["post-339","post","type-post","status-publish","format-standard","has-post-thumbnail","hentry","category-les-evenements"],"_links":{"self":[{"href":"https:\/\/leschouxlents.potager.org\/index.php\/wp-json\/wp\/v2\/posts\/339","targetHints":{"allow":["GET"]}}],"collection":[{"href":"https:\/\/leschouxlents.potager.org\/index.php\/wp-json\/wp\/v2\/posts"}],"about":[{"href":"https:\/\/leschouxlents.potager.org\/index.php\/wp-json\/wp\/v2\/types\/post"}],"author":[{"embeddable":true,"href":"https:\/\/leschouxlents.potager.org\/index.php\/wp-json\/wp\/v2\/users\/1"}],"replies":[{"embeddable":true,"href":"https:\/\/leschouxlents.potager.org\/index.php\/wp-json\/wp\/v2\/comments?post=339"}],"version-history":[{"count":0,"href":"https:\/\/leschouxlents.potager.org\/index.php\/wp-json\/wp\/v2\/posts\/339\/revisions"}],"wp:featuredmedia":[{"embeddable":true,"href":"https:\/\/leschouxlents.potager.org\/index.php\/wp-json\/wp\/v2\/media\/338"}],"wp:attachment":[{"href":"https:\/\/leschouxlents.potager.org\/index.php\/wp-json\/wp\/v2\/media?parent=339"}],"wp:term":[{"taxonomy":"category","embeddable":true,"href":"https:\/\/leschouxlents.potager.org\/index.php\/wp-json\/wp\/v2\/categories?post=339"},{"taxonomy":"post_tag","embeddable":true,"href":"https:\/\/leschouxlents.potager.org\/index.php\/wp-json\/wp\/v2\/tags?post=339"}],"curies":[{"name":"wp","href":"https:\/\/api.w.org\/{rel}","templated":true}]}}