{"id":341,"date":"2018-04-05T16:03:00","date_gmt":"2018-04-05T16:03:00","guid":{"rendered":"https:\/\/leschouxlents.potager.org\/wordpress\/index.php\/2018\/04\/05\/amaj-du-tout-bon-tout-bio-et-tres-local\/"},"modified":"2018-04-05T16:03:00","modified_gmt":"2018-04-05T16:03:00","slug":"amaj-du-tout-bon-tout-bio-et-tres-local","status":"publish","type":"post","link":"https:\/\/leschouxlents.potager.org\/index.php\/2018\/04\/05\/amaj-du-tout-bon-tout-bio-et-tres-local\/","title":{"rendered":"AMAJ  : du tout bon, tout bio et tr\u00e8s local !"},"content":{"rendered":"<p>Un groupe de musiciens form\u00e9 \u00e0 l&#8217;atelier jazz du MLA, Musique Loisir d&#8217;Albigny sur Sa\u00f4ne.<\/p>\n<p>La formation quintet est compos\u00e9e de Pierre (sax tenor), Marc (guit.) , Claude (guit.) , Vincent (basse elec.) et Geoffray (batterie).<\/p>\n<p>Ils auront le plaisir d&#8217;improviser sur des &#8220;standards&#8221; du jazz des 50&#8242; du bossa nova et samba \u00e0 l&#8217;occasion de notre chantier participatif d&#8217;avril.<\/p>\n<p>Un groupe 100% local garantie moins de 30km aller\/retour.&#8221;<br \/>\n\u00e7\u00e0 vaut le d\u00e9placement non ?<\/p>\n<p>[|<img loading=\"lazy\" decoding=\"async\" class=\" aligncenter size-full wp-image-340\" src=\"http:\/\/leschouxlents.potager.org\/uploads\/2018\/04\/groupe_amaj-2.jpg\" alt=\"groupe_amaj-2.jpg\" align=\"center\" width=\"640\" height=\"422\" srcset=\"https:\/\/leschouxlents.potager.org\/uploads\/2018\/04\/groupe_amaj-2.jpg 640w, https:\/\/leschouxlents.potager.org\/uploads\/2018\/04\/groupe_amaj-2-300x198.jpg 300w\" sizes=\"auto, (max-width: 640px) 100vw, 640px\" \/>|]<\/p>\n","protected":false},"excerpt":{"rendered":"<p>Un groupe de musiciens form\u00e9 \u00e0 l&#8217;atelier jazz du MLA, Musique Loisir d&#8217;Albigny sur Sa\u00f4ne. La formation quintet est compos\u00e9e de Pierre (sax tenor), Marc (guit.) , Claude (guit.) , Vincent (basse elec.) et Geoffray (batterie). Ils auront le plaisir d&#8217;improviser sur des &#8220;standards&#8221; du jazz des 50&#8242; du bossa nova et samba \u00e0 l&#8217;occasion &#8230; <a title=\"AMAJ  : du tout bon, tout bio et tr\u00e8s local !\" class=\"read-more\" href=\"https:\/\/leschouxlents.potager.org\/index.php\/2018\/04\/05\/amaj-du-tout-bon-tout-bio-et-tres-local\/\" aria-label=\"Read more about AMAJ  : du tout bon, tout bio et tr\u00e8s local !\">Read more<\/a><\/p>\n","protected":false},"author":1,"featured_media":340,"comment_status":"closed","ping_status":"open","sticky":false,"template":"","format":"standard","meta":{"footnotes":""},"categories":[12],"tags":[],"class_list":["post-341","post","type-post","status-publish","format-standard","has-post-thumbnail","hentry","category-les-evenements"],"_links":{"self":[{"href":"https:\/\/leschouxlents.potager.org\/index.php\/wp-json\/wp\/v2\/posts\/341","targetHints":{"allow":["GET"]}}],"collection":[{"href":"https:\/\/leschouxlents.potager.org\/index.php\/wp-json\/wp\/v2\/posts"}],"about":[{"href":"https:\/\/leschouxlents.potager.org\/index.php\/wp-json\/wp\/v2\/types\/post"}],"author":[{"embeddable":true,"href":"https:\/\/leschouxlents.potager.org\/index.php\/wp-json\/wp\/v2\/users\/1"}],"replies":[{"embeddable":true,"href":"https:\/\/leschouxlents.potager.org\/index.php\/wp-json\/wp\/v2\/comments?post=341"}],"version-history":[{"count":0,"href":"https:\/\/leschouxlents.potager.org\/index.php\/wp-json\/wp\/v2\/posts\/341\/revisions"}],"wp:featuredmedia":[{"embeddable":true,"href":"https:\/\/leschouxlents.potager.org\/index.php\/wp-json\/wp\/v2\/media\/340"}],"wp:attachment":[{"href":"https:\/\/leschouxlents.potager.org\/index.php\/wp-json\/wp\/v2\/media?parent=341"}],"wp:term":[{"taxonomy":"category","embeddable":true,"href":"https:\/\/leschouxlents.potager.org\/index.php\/wp-json\/wp\/v2\/categories?post=341"},{"taxonomy":"post_tag","embeddable":true,"href":"https:\/\/leschouxlents.potager.org\/index.php\/wp-json\/wp\/v2\/tags?post=341"}],"curies":[{"name":"wp","href":"https:\/\/api.w.org\/{rel}","templated":true}]}}