{"id":371,"date":"2022-08-11T11:03:46","date_gmt":"2022-08-11T11:03:46","guid":{"rendered":"https:\/\/leschouxlents.potager.org\/wordpress\/index.php\/2022\/08\/11\/looe-la\/"},"modified":"2022-08-11T11:03:46","modified_gmt":"2022-08-11T11:03:46","slug":"looe-la","status":"publish","type":"post","link":"https:\/\/leschouxlents.potager.org\/index.php\/2022\/08\/11\/looe-la\/","title":{"rendered":"Looe L\u00e4"},"content":{"rendered":"<p>Clair obscur, un divan Charleston capitonn\u00e9, la robe velours d\u2019une coupe de vin appr\u00eat\u00e9e, la brume filiforme d\u2019une cigarette oubli\u00e9e, l\u2019\u00e9clat d\u2019un piano verni de noir&#8230;<\/p>\n<p>Le doux m\u00e9lange d&#8217;un jazz sensuel, r\u00e9tro et contemporain \u00e0 la fois, libre de s\u2019abandonner \u00e0 l\u2019improvisation.<\/p>\n<p>Looe L\u00e4, une ambiance cosy et feutr\u00e9e se d\u00e9voile \u00e0 travers la complicit\u00e9 de 5 musiciens passionn\u00e9s.<\/p>\n<p>[|<br \/>\n<figure id=\"attachment_370\" aria-describedby=\"caption-attachment-370\" style=\"width: 607px\" class=\"wp-caption aligncenter\"><a href=\"https:\/\/soundcloud.com\/looela\"><img loading=\"lazy\" decoding=\"async\" class=\" aligncenter size-full wp-image-370\" src=\"http:\/\/leschouxlents.potager.org\/uploads\/2022\/08\/looe-la_visuel_web.jpg\" alt=\"Looe L\u00e4\" title=\"Looe L\u00e4\" class=\"caption\" align=\"center\" width=\"617\" height=\"424\" srcset=\"https:\/\/leschouxlents.potager.org\/uploads\/2022\/08\/looe-la_visuel_web.jpg 617w, https:\/\/leschouxlents.potager.org\/uploads\/2022\/08\/looe-la_visuel_web-300x206.jpg 300w\" sizes=\"auto, (max-width: 617px) 100vw, 617px\" \/><\/a><figcaption id=\"caption-attachment-370\" class=\"wp-caption-text\"><strong>Looe L\u00e4<\/strong><\/figcaption><\/figure>]<br \/>\n|]<\/p>\n<p><strong>rdv cour des Choux Lents<br \/>\n<br \/>19h30  Repas&#038;Buvette partag\u00e9s : chacun am\u00e8ne un plat, une boisson<br \/>\n<br \/>20h30 concert<\/strong><\/p>\n<p>Entr\u00e9e libre<br \/>\n\u00c9v\u00e9nement r\u00e9serv\u00e9 aux adh\u00e9rents de l&#8217;association<br \/>\n<br \/>(adh\u00e9sion possible sur place)<\/p>\n<hr \/>\n","protected":false},"excerpt":{"rendered":"<p>Clair obscur, un divan Charleston capitonn\u00e9, la robe velours d\u2019une coupe de vin appr\u00eat\u00e9e, la brume filiforme d\u2019une cigarette oubli\u00e9e, l\u2019\u00e9clat d\u2019un piano verni de noir&#8230; Le doux m\u00e9lange d&#8217;un jazz sensuel, r\u00e9tro et contemporain \u00e0 la fois, libre de s\u2019abandonner \u00e0 l\u2019improvisation. Looe L\u00e4, une ambiance cosy et feutr\u00e9e se d\u00e9voile \u00e0 travers la &#8230; <a title=\"Looe L\u00e4\" class=\"read-more\" href=\"https:\/\/leschouxlents.potager.org\/index.php\/2022\/08\/11\/looe-la\/\" aria-label=\"Read more about Looe L\u00e4\">Read more<\/a><\/p>\n","protected":false},"author":1,"featured_media":370,"comment_status":"closed","ping_status":"open","sticky":false,"template":"","format":"standard","meta":{"footnotes":""},"categories":[12],"tags":[],"class_list":["post-371","post","type-post","status-publish","format-standard","has-post-thumbnail","hentry","category-les-evenements"],"_links":{"self":[{"href":"https:\/\/leschouxlents.potager.org\/index.php\/wp-json\/wp\/v2\/posts\/371","targetHints":{"allow":["GET"]}}],"collection":[{"href":"https:\/\/leschouxlents.potager.org\/index.php\/wp-json\/wp\/v2\/posts"}],"about":[{"href":"https:\/\/leschouxlents.potager.org\/index.php\/wp-json\/wp\/v2\/types\/post"}],"author":[{"embeddable":true,"href":"https:\/\/leschouxlents.potager.org\/index.php\/wp-json\/wp\/v2\/users\/1"}],"replies":[{"embeddable":true,"href":"https:\/\/leschouxlents.potager.org\/index.php\/wp-json\/wp\/v2\/comments?post=371"}],"version-history":[{"count":0,"href":"https:\/\/leschouxlents.potager.org\/index.php\/wp-json\/wp\/v2\/posts\/371\/revisions"}],"wp:featuredmedia":[{"embeddable":true,"href":"https:\/\/leschouxlents.potager.org\/index.php\/wp-json\/wp\/v2\/media\/370"}],"wp:attachment":[{"href":"https:\/\/leschouxlents.potager.org\/index.php\/wp-json\/wp\/v2\/media?parent=371"}],"wp:term":[{"taxonomy":"category","embeddable":true,"href":"https:\/\/leschouxlents.potager.org\/index.php\/wp-json\/wp\/v2\/categories?post=371"},{"taxonomy":"post_tag","embeddable":true,"href":"https:\/\/leschouxlents.potager.org\/index.php\/wp-json\/wp\/v2\/tags?post=371"}],"curies":[{"name":"wp","href":"https:\/\/api.w.org\/{rel}","templated":true}]}}